{"id":156592,"date":"2020-03-05T13:53:12","date_gmt":"2020-03-05T16:53:12","guid":{"rendered":"http:\/\/www.caririemacao.com\/1\/?p=156592"},"modified":"2020-03-05T13:53:14","modified_gmt":"2020-03-05T16:53:14","slug":"cursos-profissionalizantes-gratuitos-tem-mais-de-1-700-vagas-em-joao-pessoa","status":"publish","type":"post","link":"https:\/\/www.caririemacao.com\/1\/2020\/03\/05\/cursos-profissionalizantes-gratuitos-tem-mais-de-1-700-vagas-em-joao-pessoa\/","title":{"rendered":"Cursos profissionalizantes gratuitos t\u00eam mais de 1.700 vagas em Jo\u00e3o Pessoa"},"content":{"rendered":"\n<p>O Programa Escola Social est\u00e1 oferecendo mais de 1.700 vagas para cursos profissionalizantes em Jo\u00e3o Pessoa. Os cursos gratuitos est\u00e3o sendo oferecidos para a popula\u00e7\u00e3o em vulnerabilidade social nas \u00e1reas de gastronomia, artesanato, embelezamento e administrativo.<\/p>\n\n\n\n<p>As inscri\u00e7\u00f5es podem ser feitas nas unidades onde ser\u00e3o realizados os cursos.&nbsp;<\/p>\n\n\n\n<p>A listagem completa com os cursos e locais de inscri\u00e7\u00e3o&nbsp;<a href=\"https:\/\/www.clickpb.com.br\/media\/filer_public\/0c\/2c\/0c2c9518-3a9a-46d6-8dfc-058e0e983a7c\/lista-de-cursos-escola-social-2020.pdf\">podem ser acessados aqui<\/a>.<\/p>\n\n\n\n<p>Os cursos ser\u00e3o ministrados nas unidades de inclus\u00e3o social e produtiva, cozinhas comunit\u00e1rias e Centros de Refer\u00eancia da Cidadania (CRC), sob a responsabilidade da Sedes, em parceria com a Universidade Federal da Para\u00edba (UFPB), Associa\u00e7\u00e3o Brasileira de Bares e Restaurantes (Abrasel), Servi\u00e7o Nacional de Aprendizagem Comercial (Senac) e Unopar.<\/p>\n\n\n\n<p>Para ter acesso aos cursos, os interessados devem apresentar c\u00f3pias da identidade, CPF, N\u00famero de Identifica\u00e7\u00e3o Social (NIS), comprovante de escolaridade, resid\u00eancia e de renda de at\u00e9 2 sal\u00e1rios m\u00ednimos (autodeclara\u00e7\u00e3o).<\/p>\n\n\n\n<p>O programa \u00e9 realizado pela Secretaria de Desenvolvimento Social (Sedes), da Prefeitura de Jo\u00e3o Pessoa.<\/p>\n","protected":false},"excerpt":{"rendered":"<p>O Programa Escola Social est\u00e1 oferecendo mais de 1.700 vagas para cursos profissionalizantes em Jo\u00e3o Pessoa. Os cursos gratuitos est\u00e3o sendo oferecidos para a popula\u00e7\u00e3o&hellip; <\/p>\n","protected":false},"author":2,"featured_media":156593,"comment_status":"closed","ping_status":"closed","sticky":false,"template":"","format":"standard","meta":{"sfsi_plus_gutenberg_text_before_share":"","sfsi_plus_gutenberg_show_text_before_share":"","sfsi_plus_gutenberg_icon_type":"","sfsi_plus_gutenberg_icon_alignemt":"","sfsi_plus_gutenburg_max_per_row":"","footnotes":""},"categories":[2],"tags":[],"class_list":["post-156592","post","type-post","status-publish","format-standard","has-post-thumbnail","hentry","category-geral"],"_links":{"self":[{"href":"https:\/\/www.caririemacao.com\/1\/wp-json\/wp\/v2\/posts\/156592","targetHints":{"allow":["GET"]}}],"collection":[{"href":"https:\/\/www.caririemacao.com\/1\/wp-json\/wp\/v2\/posts"}],"about":[{"href":"https:\/\/www.caririemacao.com\/1\/wp-json\/wp\/v2\/types\/post"}],"author":[{"embeddable":true,"href":"https:\/\/www.caririemacao.com\/1\/wp-json\/wp\/v2\/users\/2"}],"replies":[{"embeddable":true,"href":"https:\/\/www.caririemacao.com\/1\/wp-json\/wp\/v2\/comments?post=156592"}],"version-history":[{"count":1,"href":"https:\/\/www.caririemacao.com\/1\/wp-json\/wp\/v2\/posts\/156592\/revisions"}],"predecessor-version":[{"id":156594,"href":"https:\/\/www.caririemacao.com\/1\/wp-json\/wp\/v2\/posts\/156592\/revisions\/156594"}],"wp:featuredmedia":[{"embeddable":true,"href":"https:\/\/www.caririemacao.com\/1\/wp-json\/wp\/v2\/media\/156593"}],"wp:attachment":[{"href":"https:\/\/www.caririemacao.com\/1\/wp-json\/wp\/v2\/media?parent=156592"}],"wp:term":[{"taxonomy":"category","embeddable":true,"href":"https:\/\/www.caririemacao.com\/1\/wp-json\/wp\/v2\/categories?post=156592"},{"taxonomy":"post_tag","embeddable":true,"href":"https:\/\/www.caririemacao.com\/1\/wp-json\/wp\/v2\/tags?post=156592"}],"curies":[{"name":"wp","href":"https:\/\/api.w.org\/{rel}","templated":true}]}}