{"id":156595,"date":"2020-03-05T13:54:51","date_gmt":"2020-03-05T16:54:51","guid":{"rendered":"http:\/\/www.caririemacao.com\/1\/?p=156595"},"modified":"2020-03-05T13:54:54","modified_gmt":"2020-03-05T16:54:54","slug":"ibge-divulga-edital-com-quase-4-mil-vagas-temporarias-para-a-paraiba-confira-quadro-de-vagas-por-cidade","status":"publish","type":"post","link":"https:\/\/www.caririemacao.com\/1\/2020\/03\/05\/ibge-divulga-edital-com-quase-4-mil-vagas-temporarias-para-a-paraiba-confira-quadro-de-vagas-por-cidade\/","title":{"rendered":"IBGE divulga edital com quase 4 mil vagas tempor\u00e1rias para a Para\u00edba; confira quadro de vagas por cidade"},"content":{"rendered":"\n<p>O edital do concurso Instituto Brasileiro de Geografia e Estat\u00edstica (IBGE) 2020, com mais de 208 mil vagas tempor\u00e1rias, foi divulgado na manh\u00e3 desta quinta-feira (05) pela Cebraspe, a banca organizadora. Na Para\u00edba, um dos editais oferta 3.347 oportunidades para a fun\u00e7\u00e3o de recenseador, enquanto o outro conta com 632 vagas para os cargos de agente censit\u00e1rio supervisor (ACS) e agente censit\u00e1rio municipal (ACM).<\/p>\n\n\n\n<p>As inscri\u00e7\u00f5es para o certame come\u00e7aram \u00e0s 10h desta quinta-feira (05) e dever\u00e3o seguir at\u00e9 o dia 24 de mar\u00e7o,<a href=\"https:\/\/www.cebraspe.org.br\/concursos\/ibge_20_agente\">atrav\u00e9s do site da Cebraspe<\/a>. As taxas de inscri\u00e7\u00e3o custam R$ 35,80 para a prova de ACM e ACS, e R$ 23,61 para recenseador.<\/p>\n\n\n\n<p>Os profissionais contratados temporariamente pelo IBGE tamb\u00e9m ter\u00e3o direito a f\u00e9rias e 13\u00ba sal\u00e1rios proporcionais, de acordo com a legisla\u00e7\u00e3o em vigor e conforme estabelecido em cada edital.<\/p>\n\n\n\n<p>Em todo o Brasil est\u00e3o abertas 208.695 vagas tempor\u00e1rias, sendo 5.462 para Agente censit\u00e1rio municipal, cargo que exige n\u00edvel m\u00e9dio; 22.676 para Agente censit\u00e1rio supervisor, tamb\u00e9m de n\u00edvel m\u00e9dio; 180.557 vagas para recenseador, cargo de n\u00edvel fundamental.<br><\/p>\n\n\n\n<p><a href=\"https:\/\/cdn.cebraspe.org.br\/concursos\/ibge_20_agente\/arquivos\/EDITAL_2_2020_ACM_ACS_ABERTURA.PDF\">Confira o edital para o cargo de agente censit\u00e1rio<\/a><\/p>\n\n\n\n<p><a href=\"https:\/\/cdn.cebraspe.org.br\/concursos\/ibge_20_agente\/arquivos\/ANEXO_I_TABELA_DE_VAGAS.PDF\">Confira o quadro de vagas para todo o Brasil<\/a><\/p>\n\n\n\n<p>Os aprovados ir\u00e3o atuar no Censo Demogr\u00e1fico 2020, em todo o pa\u00eds. A banca organizadora do concurso \u00e9 a Cebraspe.<\/p>\n\n\n\n<p><strong>Edital para recenseador<\/strong><\/p>\n\n\n\n<p>A maior quantidade de vagas oferecida no edital \u00e9 para o cargo de recenseador, sendo 3.347 distribu\u00eddas em cidades de todo o estado da Para\u00edba.&nbsp;As cidades com mais oportunidades s\u00e3o Jo\u00e3o Pessoa (667), Campina Grande (335), Santa Rita (107), Patos (87), Bayeux (77), Sousa (56), Cabedelo (56), Cajazeiras (52), Guarabira (49), Sap\u00e9 (42), Queimadas (37), Mamanguape (35) e Monteiro (30).<\/p>\n\n\n\n<p>A remunera\u00e7\u00e3o do recenseador \u00e9 calculada por produ\u00e7\u00e3o, com base no n\u00famero de unidades visitadas, na taxa estabelecida para os setores censit\u00e1rios e n\u00fameros de question\u00e1rios respondidos e de pessoas recenseadas. A fun\u00e7\u00e3o n\u00e3o tem hor\u00e1rio fixo e a expectativa \u00e9 de que sejam dedicadas pelo menos 25 horas por semana ao trabalho, inclusive aos feriados e finais de semana.<\/p>\n\n\n\n<p>A sele\u00e7\u00e3o \u00e9 composta por prova objetiva, que deve ser aplicada no dia 24 de maio. Em seguida, ocorrer\u00e1 a etapa de treinamento, de car\u00e1ter eliminat\u00f3rio e classificat\u00f3rio, que ter\u00e1 dura\u00e7\u00e3o de 5 dias, com carga hor\u00e1ria de 8 horas di\u00e1rias. Ser\u00e3o convocados para essa fase os classificados dentro do n\u00famero de vagas para cada \u00e1rea.<\/p>\n\n\n\n<p>O resultado final das provas deve ser divulgado no dia 3 de julho e a previs\u00e3o \u00e9 que os classificados sejam convocados para treinamento e contrata\u00e7\u00e3o ainda no mesmo m\u00eas. A expectativa \u00e9 que o contrato dure at\u00e9 tr\u00eas meses, podendo ser prorrogado, tendo em vista a necessidade de concluir as atividades do Censo Demogr\u00e1fico 2020 e a disponibilidade de recursos or\u00e7ament\u00e1rios.<\/p>\n\n\n\n<figure class=\"wp-block-image\"><img decoding=\"async\" data-src=\"https:\/\/www.clickpb.com.br\/media\/filer_public\/07\/44\/074462eb-8ba4-4f0e-b552-ef0243f8f141\/ibge_rec_1.jpg\" alt=\"\" src=\"data:image\/svg+xml;base64,PHN2ZyB3aWR0aD0iMSIgaGVpZ2h0PSIxIiB4bWxucz0iaHR0cDovL3d3dy53My5vcmcvMjAwMC9zdmciPjwvc3ZnPg==\" class=\"lazyload\" \/><\/figure>\n\n\n\n<figure class=\"wp-block-image\"><img decoding=\"async\" data-src=\"https:\/\/www.clickpb.com.br\/media\/filer_public\/f9\/24\/f9242760-c027-4bd6-8697-d246c86d8860\/ibge_rec_2.jpg\" alt=\"\" src=\"data:image\/svg+xml;base64,PHN2ZyB3aWR0aD0iMSIgaGVpZ2h0PSIxIiB4bWxucz0iaHR0cDovL3d3dy53My5vcmcvMjAwMC9zdmciPjwvc3ZnPg==\" class=\"lazyload\" \/><\/figure>\n\n\n\n<figure class=\"wp-block-image\"><img decoding=\"async\" data-src=\"https:\/\/www.clickpb.com.br\/media\/filer_public\/ba\/f1\/baf10686-5858-4ff3-a413-5a5f44fe46cb\/ibge_rec_3.jpg\" alt=\"\" src=\"data:image\/svg+xml;base64,PHN2ZyB3aWR0aD0iMSIgaGVpZ2h0PSIxIiB4bWxucz0iaHR0cDovL3d3dy53My5vcmcvMjAwMC9zdmciPjwvc3ZnPg==\" class=\"lazyload\" \/><\/figure>\n\n\n\n<figure class=\"wp-block-image\"><img decoding=\"async\" data-src=\"https:\/\/www.clickpb.com.br\/media\/filer_public\/20\/1f\/201f406a-12c5-44c9-b1c6-114775753f52\/ibge_rec_4.jpg\" alt=\"\" src=\"data:image\/svg+xml;base64,PHN2ZyB3aWR0aD0iMSIgaGVpZ2h0PSIxIiB4bWxucz0iaHR0cDovL3d3dy53My5vcmcvMjAwMC9zdmciPjwvc3ZnPg==\" class=\"lazyload\" \/><\/figure>\n\n\n\n<figure class=\"wp-block-image\"><img decoding=\"async\" data-src=\"https:\/\/www.clickpb.com.br\/media\/filer_public\/e1\/9e\/e19e2512-1931-4bac-b205-52e148378db9\/ibge_rec_5.jpg\" alt=\"\" src=\"data:image\/svg+xml;base64,PHN2ZyB3aWR0aD0iMSIgaGVpZ2h0PSIxIiB4bWxucz0iaHR0cDovL3d3dy53My5vcmcvMjAwMC9zdmciPjwvc3ZnPg==\" class=\"lazyload\" \/><\/figure>\n\n\n\n<figure class=\"wp-block-image\"><img decoding=\"async\" data-src=\"https:\/\/www.clickpb.com.br\/media\/filer_public\/8b\/16\/8b165708-75bc-43b2-9be1-c98f29519924\/ibge_rec_6.jpg\" alt=\"\" src=\"data:image\/svg+xml;base64,PHN2ZyB3aWR0aD0iMSIgaGVpZ2h0PSIxIiB4bWxucz0iaHR0cDovL3d3dy53My5vcmcvMjAwMC9zdmciPjwvc3ZnPg==\" class=\"lazyload\" \/><\/figure>\n\n\n\n<figure class=\"wp-block-image\"><img decoding=\"async\" data-src=\"https:\/\/www.clickpb.com.br\/media\/filer_public\/57\/b2\/57b2be34-4321-4109-901c-d969d7bdd944\/ibge_rec_7.jpg\" alt=\"\" src=\"data:image\/svg+xml;base64,PHN2ZyB3aWR0aD0iMSIgaGVpZ2h0PSIxIiB4bWxucz0iaHR0cDovL3d3dy53My5vcmcvMjAwMC9zdmciPjwvc3ZnPg==\" class=\"lazyload\" \/><\/figure>\n\n\n\n<figure class=\"wp-block-image\"><img decoding=\"async\" data-src=\"https:\/\/www.clickpb.com.br\/media\/filer_public\/47\/89\/47894d41-46af-4b97-bf22-d3a0e6a7b0a3\/ibge_rec_8.jpg\" alt=\"\" src=\"data:image\/svg+xml;base64,PHN2ZyB3aWR0aD0iMSIgaGVpZ2h0PSIxIiB4bWxucz0iaHR0cDovL3d3dy53My5vcmcvMjAwMC9zdmciPjwvc3ZnPg==\" class=\"lazyload\" \/><\/figure>\n\n\n\n<p><strong>Edital para Agente Censit\u00e1rio<\/strong><\/p>\n\n\n\n<p>De acordo com o edital, s\u00e3o ofertadas 197 vagas para agente censit\u00e1rio municipal, com remunera\u00e7\u00e3o de R$ 2.100, enquanto que para agente censit\u00e1rio supervisor h\u00e1 435 vagas, com remunera\u00e7\u00e3o R$ 1.700. As oportunidades est\u00e3o distribu\u00eddas entre 179 munic\u00edpios paraibanos, sendo Jo\u00e3o Pessoa (91), Campina Grande (46), Santa Rita (15), Patos (13) e Bayeux (12) as cidades com maior oferta.<\/p>\n\n\n\n<p>O n\u00edvel de escolaridade exigido para as duas fun\u00e7\u00f5es \u00e9 o ensino m\u00e9dio completo. No ato da inscri\u00e7\u00e3o, os candidatos devem escolher em qual munic\u00edpio pretendem trabalhar e, ap\u00f3s a prova objetiva, ser\u00e1 oferecida a vaga de ACM \u00e0queles que obtiverem as melhores coloca\u00e7\u00f5es. Os demais classificados ser\u00e3o direcionados para a fun\u00e7\u00e3o de ACS.<\/p>\n\n\n\n<p>O agente censit\u00e1rio municipal ser\u00e1 respons\u00e1vel por gerenciar o posto de coleta do Censo e estar \u00e0 frente das a\u00e7\u00f5es administrativas e t\u00e9cnico-operacionais, como controlar os recursos humanos e materiais do local. J\u00e1 o agente censit\u00e1rio supervisor ter\u00e1 a fun\u00e7\u00e3o de acompanhar, avaliar e orientar os recenseadores durante os trabalhos de campo.<\/p>\n\n\n\n<p>As provas objetivas, de car\u00e1ter classificat\u00f3rio e eliminat\u00f3rio, devem ser aplicadas no dia 17 de maio, com 10 quest\u00f5es de L\u00edngua Portuguesa, 10 quest\u00f5es de Racioc\u00ednio L\u00f3gico Quantitativo, 5 quest\u00f5es de \u00c9tica no Servi\u00e7o P\u00fablico, 15 quest\u00f5es de No\u00e7\u00f5es de Administra\u00e7\u00e3o e Situa\u00e7\u00f5es Gerenciais e 20 quest\u00f5es de Conhecimentos T\u00e9cnicos.<\/p>\n\n\n\n<p>O resultado final est\u00e1 previsto para o dia 12 de junho e os contratos devem ser firmados no per\u00edodo de 15 a 19 do mesmo m\u00eas. A previs\u00e3o \u00e9 que as contrata\u00e7\u00f5es durem cinco meses, podendo ser prorrogadas, desde que haja necessidade do trabalho e disponibilidade de recursos or\u00e7ament\u00e1rios.<\/p>\n\n\n\n<figure class=\"wp-block-image\"><img decoding=\"async\" data-src=\"https:\/\/www.clickpb.com.br\/media\/filer_public\/3a\/cc\/3acce918-328e-451b-81ba-185aa22b2682\/ibge_acm_1.jpg\" alt=\"\" src=\"data:image\/svg+xml;base64,PHN2ZyB3aWR0aD0iMSIgaGVpZ2h0PSIxIiB4bWxucz0iaHR0cDovL3d3dy53My5vcmcvMjAwMC9zdmciPjwvc3ZnPg==\" class=\"lazyload\" \/><\/figure>\n\n\n\n<figure class=\"wp-block-image\"><img decoding=\"async\" data-src=\"https:\/\/www.clickpb.com.br\/media\/filer_public\/c7\/a6\/c7a6232b-998d-45db-8f1d-de375bc5c7f5\/ibge_acm_2.jpg\" alt=\"\" src=\"data:image\/svg+xml;base64,PHN2ZyB3aWR0aD0iMSIgaGVpZ2h0PSIxIiB4bWxucz0iaHR0cDovL3d3dy53My5vcmcvMjAwMC9zdmciPjwvc3ZnPg==\" class=\"lazyload\" \/><\/figure>\n\n\n\n<figure class=\"wp-block-image\"><img decoding=\"async\" data-src=\"https:\/\/www.clickpb.com.br\/media\/filer_public\/d1\/7d\/d17dfc1f-b3a1-4307-ba52-5702c3e1f101\/ibge_acm_3.jpg\" alt=\"\" src=\"data:image\/svg+xml;base64,PHN2ZyB3aWR0aD0iMSIgaGVpZ2h0PSIxIiB4bWxucz0iaHR0cDovL3d3dy53My5vcmcvMjAwMC9zdmciPjwvc3ZnPg==\" class=\"lazyload\" \/><\/figure>\n\n\n\n<figure class=\"wp-block-image\"><img decoding=\"async\" data-src=\"https:\/\/www.clickpb.com.br\/media\/filer_public\/c4\/71\/c47107ac-2032-492c-8d8a-7f6efaaf7a5a\/ibge_acm_4.jpg\" alt=\"\" src=\"data:image\/svg+xml;base64,PHN2ZyB3aWR0aD0iMSIgaGVpZ2h0PSIxIiB4bWxucz0iaHR0cDovL3d3dy53My5vcmcvMjAwMC9zdmciPjwvc3ZnPg==\" class=\"lazyload\" \/><\/figure>\n\n\n\n<figure class=\"wp-block-image\"><img decoding=\"async\" data-src=\"https:\/\/www.clickpb.com.br\/media\/filer_public\/1f\/0c\/1f0cf09a-46fb-4b48-80ac-7d0185ee9003\/ibge_acm_5.jpg\" alt=\"\" src=\"data:image\/svg+xml;base64,PHN2ZyB3aWR0aD0iMSIgaGVpZ2h0PSIxIiB4bWxucz0iaHR0cDovL3d3dy53My5vcmcvMjAwMC9zdmciPjwvc3ZnPg==\" class=\"lazyload\" \/><\/figure>\n\n\n\n<figure class=\"wp-block-image\"><img decoding=\"async\" data-src=\"https:\/\/www.clickpb.com.br\/media\/filer_public\/5f\/51\/5f5185e8-8e45-44b6-8ae1-ce16399d5cec\/ibge_acm_6.jpg\" alt=\"\" src=\"data:image\/svg+xml;base64,PHN2ZyB3aWR0aD0iMSIgaGVpZ2h0PSIxIiB4bWxucz0iaHR0cDovL3d3dy53My5vcmcvMjAwMC9zdmciPjwvc3ZnPg==\" class=\"lazyload\" \/><\/figure>\n","protected":false},"excerpt":{"rendered":"<p>O edital do concurso Instituto Brasileiro de Geografia e Estat\u00edstica (IBGE) 2020, com mais de 208 mil vagas tempor\u00e1rias, foi divulgado na manh\u00e3 desta quinta-feira&hellip; <\/p>\n","protected":false},"author":2,"featured_media":156596,"comment_status":"closed","ping_status":"closed","sticky":false,"template":"","format":"standard","meta":{"sfsi_plus_gutenberg_text_before_share":"","sfsi_plus_gutenberg_show_text_before_share":"","sfsi_plus_gutenberg_icon_type":"","sfsi_plus_gutenberg_icon_alignemt":"","sfsi_plus_gutenburg_max_per_row":"","footnotes":""},"categories":[2],"tags":[],"class_list":["post-156595","post","type-post","status-publish","format-standard","has-post-thumbnail","hentry","category-geral"],"_links":{"self":[{"href":"https:\/\/www.caririemacao.com\/1\/wp-json\/wp\/v2\/posts\/156595","targetHints":{"allow":["GET"]}}],"collection":[{"href":"https:\/\/www.caririemacao.com\/1\/wp-json\/wp\/v2\/posts"}],"about":[{"href":"https:\/\/www.caririemacao.com\/1\/wp-json\/wp\/v2\/types\/post"}],"author":[{"embeddable":true,"href":"https:\/\/www.caririemacao.com\/1\/wp-json\/wp\/v2\/users\/2"}],"replies":[{"embeddable":true,"href":"https:\/\/www.caririemacao.com\/1\/wp-json\/wp\/v2\/comments?post=156595"}],"version-history":[{"count":1,"href":"https:\/\/www.caririemacao.com\/1\/wp-json\/wp\/v2\/posts\/156595\/revisions"}],"predecessor-version":[{"id":156597,"href":"https:\/\/www.caririemacao.com\/1\/wp-json\/wp\/v2\/posts\/156595\/revisions\/156597"}],"wp:featuredmedia":[{"embeddable":true,"href":"https:\/\/www.caririemacao.com\/1\/wp-json\/wp\/v2\/media\/156596"}],"wp:attachment":[{"href":"https:\/\/www.caririemacao.com\/1\/wp-json\/wp\/v2\/media?parent=156595"}],"wp:term":[{"taxonomy":"category","embeddable":true,"href":"https:\/\/www.caririemacao.com\/1\/wp-json\/wp\/v2\/categories?post=156595"},{"taxonomy":"post_tag","embeddable":true,"href":"https:\/\/www.caririemacao.com\/1\/wp-json\/wp\/v2\/tags?post=156595"}],"curies":[{"name":"wp","href":"https:\/\/api.w.org\/{rel}","templated":true}]}}