{"id":156598,"date":"2020-03-05T13:55:59","date_gmt":"2020-03-05T16:55:59","guid":{"rendered":"http:\/\/www.caririemacao.com\/1\/?p=156598"},"modified":"2020-03-05T13:56:01","modified_gmt":"2020-03-05T16:56:01","slug":"paraiba-pode-perder-tres-deputados-federais-se-projeto-de-lei-for-aprovado-na-camara","status":"publish","type":"post","link":"https:\/\/www.caririemacao.com\/1\/2020\/03\/05\/paraiba-pode-perder-tres-deputados-federais-se-projeto-de-lei-for-aprovado-na-camara\/","title":{"rendered":"Para\u00edba pode perder tr\u00eas deputados federais se Projeto de Lei for aprovado na C\u00e2mara"},"content":{"rendered":"\n<p>A Para\u00edba poder\u00e1 perder tr\u00eas deputados federais, reduzindo de 12 para nove o n\u00famero de representantes na C\u00e2mara. \u00c9 o que prev\u00ea Projeto de Lei Complementar apresentado na C\u00e2mara dos Deputados pelo deputado Celso Sabino, do Par\u00e1, que busca reduzir de 513 para 453 o n\u00famero total de deputados.&nbsp;<\/p>\n\n\n\n<p>O c\u00e1lculo para a redu\u00e7\u00e3o foi feito com base em levantamento t\u00e9cnico e Censos do IBGE. De acordo com o deputado, o n\u00famero seria suficiente para representar a popula\u00e7\u00e3o brasileira.<\/p>\n\n\n\n<p>O projeto prev\u00ea que&nbsp; os estados poder\u00e3o ter no m\u00e1ximo 70 deputados e no m\u00ednimo oito. A ideia, segundo o deputado, \u00e9 enxugar a m\u00e1quina p\u00fablica e otimizar gastos. O projeto ainda precisa passar por aprova\u00e7\u00e3o no Plen\u00e1rio.<\/p>\n","protected":false},"excerpt":{"rendered":"<p>A Para\u00edba poder\u00e1 perder tr\u00eas deputados federais, reduzindo de 12 para nove o n\u00famero de representantes na C\u00e2mara. \u00c9 o que prev\u00ea Projeto de Lei&hellip; <\/p>\n","protected":false},"author":2,"featured_media":156599,"comment_status":"closed","ping_status":"closed","sticky":false,"template":"","format":"standard","meta":{"sfsi_plus_gutenberg_text_before_share":"","sfsi_plus_gutenberg_show_text_before_share":"","sfsi_plus_gutenberg_icon_type":"","sfsi_plus_gutenberg_icon_alignemt":"","sfsi_plus_gutenburg_max_per_row":"","footnotes":""},"categories":[2],"tags":[],"class_list":["post-156598","post","type-post","status-publish","format-standard","has-post-thumbnail","hentry","category-geral"],"_links":{"self":[{"href":"https:\/\/www.caririemacao.com\/1\/wp-json\/wp\/v2\/posts\/156598","targetHints":{"allow":["GET"]}}],"collection":[{"href":"https:\/\/www.caririemacao.com\/1\/wp-json\/wp\/v2\/posts"}],"about":[{"href":"https:\/\/www.caririemacao.com\/1\/wp-json\/wp\/v2\/types\/post"}],"author":[{"embeddable":true,"href":"https:\/\/www.caririemacao.com\/1\/wp-json\/wp\/v2\/users\/2"}],"replies":[{"embeddable":true,"href":"https:\/\/www.caririemacao.com\/1\/wp-json\/wp\/v2\/comments?post=156598"}],"version-history":[{"count":1,"href":"https:\/\/www.caririemacao.com\/1\/wp-json\/wp\/v2\/posts\/156598\/revisions"}],"predecessor-version":[{"id":156600,"href":"https:\/\/www.caririemacao.com\/1\/wp-json\/wp\/v2\/posts\/156598\/revisions\/156600"}],"wp:featuredmedia":[{"embeddable":true,"href":"https:\/\/www.caririemacao.com\/1\/wp-json\/wp\/v2\/media\/156599"}],"wp:attachment":[{"href":"https:\/\/www.caririemacao.com\/1\/wp-json\/wp\/v2\/media?parent=156598"}],"wp:term":[{"taxonomy":"category","embeddable":true,"href":"https:\/\/www.caririemacao.com\/1\/wp-json\/wp\/v2\/categories?post=156598"},{"taxonomy":"post_tag","embeddable":true,"href":"https:\/\/www.caririemacao.com\/1\/wp-json\/wp\/v2\/tags?post=156598"}],"curies":[{"name":"wp","href":"https:\/\/api.w.org\/{rel}","templated":true}]}}