{"id":156605,"date":"2020-03-05T14:01:34","date_gmt":"2020-03-05T17:01:34","guid":{"rendered":"http:\/\/www.caririemacao.com\/1\/?p=156605"},"modified":"2020-03-05T14:01:36","modified_gmt":"2020-03-05T17:01:36","slug":"delegado-mata-a-esposa-e-a-enteada-confessa-crime-e-e-preso-em-flagrante","status":"publish","type":"post","link":"https:\/\/www.caririemacao.com\/1\/2020\/03\/05\/delegado-mata-a-esposa-e-a-enteada-confessa-crime-e-e-preso-em-flagrante\/","title":{"rendered":"Delegado mata a esposa e a enteada, confessa crime e \u00e9 preso em flagrante"},"content":{"rendered":"\n<p>O delegado Erik Busetti, de 45 anos, matou a esposa, a escriv\u00e3 de pol\u00edcia Maritza Guimar\u00e3es de Souza, de 41 anos, e a filha dela Ana Carolina Souza, de 16 anos. O crime ocorreu em Curitiba, no Paran\u00e1, na noite desta quarta-feira (4), durante uma discuss\u00e3o do homem com a esposa e a enteada.<\/p>\n\n\n\n<p>De acordo com informa\u00e7\u00f5es do portal Banda B, as v\u00edtimas morreram abra\u00e7adas, no quarto do sobrado da fam\u00edlia. A filha de 9 anos do casal estava na casa, mas n\u00e3o foi ferida.<\/p>\n\n\n\n<p>Ap\u00f3s o crime, o delegado levou a filha para a casa de vizinhos e afirmou que tinha feito uma \u2018besteira\u2019. Ele teria amea\u00e7ado cometer suic\u00eddio, mas desistiu e ligou para a pol\u00edcia confessando os assassinatos.<\/p>\n\n\n\n<p>O delegado estava lotado na Delegacia do Adolescente de Curitiba. Ele foi preso em flagrante.<\/p>\n","protected":false},"excerpt":{"rendered":"<p>O delegado Erik Busetti, de 45 anos, matou a esposa, a escriv\u00e3 de pol\u00edcia Maritza Guimar\u00e3es de Souza, de 41 anos, e a filha dela&hellip; <\/p>\n","protected":false},"author":2,"featured_media":156607,"comment_status":"closed","ping_status":"closed","sticky":false,"template":"","format":"standard","meta":{"sfsi_plus_gutenberg_text_before_share":"","sfsi_plus_gutenberg_show_text_before_share":"","sfsi_plus_gutenberg_icon_type":"","sfsi_plus_gutenberg_icon_alignemt":"","sfsi_plus_gutenburg_max_per_row":"","footnotes":""},"categories":[12],"tags":[],"class_list":["post-156605","post","type-post","status-publish","format-standard","has-post-thumbnail","hentry","category-policia"],"_links":{"self":[{"href":"https:\/\/www.caririemacao.com\/1\/wp-json\/wp\/v2\/posts\/156605","targetHints":{"allow":["GET"]}}],"collection":[{"href":"https:\/\/www.caririemacao.com\/1\/wp-json\/wp\/v2\/posts"}],"about":[{"href":"https:\/\/www.caririemacao.com\/1\/wp-json\/wp\/v2\/types\/post"}],"author":[{"embeddable":true,"href":"https:\/\/www.caririemacao.com\/1\/wp-json\/wp\/v2\/users\/2"}],"replies":[{"embeddable":true,"href":"https:\/\/www.caririemacao.com\/1\/wp-json\/wp\/v2\/comments?post=156605"}],"version-history":[{"count":1,"href":"https:\/\/www.caririemacao.com\/1\/wp-json\/wp\/v2\/posts\/156605\/revisions"}],"predecessor-version":[{"id":156608,"href":"https:\/\/www.caririemacao.com\/1\/wp-json\/wp\/v2\/posts\/156605\/revisions\/156608"}],"wp:featuredmedia":[{"embeddable":true,"href":"https:\/\/www.caririemacao.com\/1\/wp-json\/wp\/v2\/media\/156607"}],"wp:attachment":[{"href":"https:\/\/www.caririemacao.com\/1\/wp-json\/wp\/v2\/media?parent=156605"}],"wp:term":[{"taxonomy":"category","embeddable":true,"href":"https:\/\/www.caririemacao.com\/1\/wp-json\/wp\/v2\/categories?post=156605"},{"taxonomy":"post_tag","embeddable":true,"href":"https:\/\/www.caririemacao.com\/1\/wp-json\/wp\/v2\/tags?post=156605"}],"curies":[{"name":"wp","href":"https:\/\/api.w.org\/{rel}","templated":true}]}}