{"id":156606,"date":"2020-03-05T14:09:58","date_gmt":"2020-03-05T17:09:58","guid":{"rendered":"http:\/\/www.caririemacao.com\/1\/?p=156606"},"modified":"2020-03-05T14:17:38","modified_gmt":"2020-03-05T17:17:38","slug":"prefeitura-de-monteiro-promove-encontro-de-gestantes","status":"publish","type":"post","link":"https:\/\/www.caririemacao.com\/1\/2020\/03\/05\/prefeitura-de-monteiro-promove-encontro-de-gestantes\/","title":{"rendered":"Prefeitura de Monteiro promove mais um encontro de gestantes"},"content":{"rendered":"\n<p>A Secret\u00e1ria de Desenvolvimento Social promoveu nesta quarta feira, 04, no Centro Gastron\u00f4mico, localizado no Alto de S\u00e3o Vicente, mais um encontro com as gestantes do munic\u00edpio, que s\u00e3o atendidas mensalmente e recebem aten\u00e7\u00e3o total por parte da gest\u00e3o municipal.<br><\/p>\n\n\n\n<p>Na ocasi\u00e3o participaram da programa\u00e7\u00e3o mais de 100 mulheres. Nos encontros s\u00e3o realizadas diversas a\u00e7\u00f5es, entre palestras, orienta\u00e7\u00f5es, entrega de kits compostos por pe\u00e7as de enxovais e outros mimos, al\u00e9m de outras atividades variadas.<\/p>\n\n\n\n<p>\u201cA inten\u00e7\u00e3o inicial repassada pela prefeita Anna Lorena foi a de fortalecer o v\u00ednculo com a comunidade e demonstrar que a gest\u00e3o municipal oferece um servi\u00e7o p\u00fablico de qualidade para quem precisa com mais aten\u00e7\u00e3o e humanidade, desde quando nossas crian\u00e7as ainda est\u00e3o na barriga da mam\u00e3e\u201d, ressaltou a secret\u00e1ria da pasta, Rosa Aleixo.<\/p>\n\n\n\n<figure class=\"wp-block-image size-large\"><img fetchpriority=\"high\" decoding=\"async\" width=\"720\" height=\"405\" src=\"http:\/\/www.caririemacao.com\/1\/wp-content\/uploads\/2020\/03\/FB_IMG_1583427384198.jpg\" alt=\"\" class=\"wp-image-156623\" srcset=\"https:\/\/www.caririemacao.com\/1\/wp-content\/uploads\/2020\/03\/FB_IMG_1583427384198.jpg 720w, https:\/\/www.caririemacao.com\/1\/wp-content\/uploads\/2020\/03\/FB_IMG_1583427384198-300x169.jpg 300w\" sizes=\"(max-width: 720px) 100vw, 720px\" \/><\/figure>\n","protected":false},"excerpt":{"rendered":"<p>A Secret\u00e1ria de Desenvolvimento Social promoveu nesta quarta feira, 04, no Centro Gastron\u00f4mico, localizado no Alto de S\u00e3o Vicente, mais um encontro com as gestantes&hellip; <\/p>\n","protected":false},"author":1,"featured_media":156619,"comment_status":"closed","ping_status":"closed","sticky":false,"template":"","format":"standard","meta":{"sfsi_plus_gutenberg_text_before_share":"","sfsi_plus_gutenberg_show_text_before_share":"","sfsi_plus_gutenberg_icon_type":"","sfsi_plus_gutenberg_icon_alignemt":"","sfsi_plus_gutenburg_max_per_row":"","footnotes":""},"categories":[6,50],"tags":[],"class_list":["post-156606","post","type-post","status-publish","format-standard","has-post-thumbnail","hentry","category-cidades","category-destaque"],"_links":{"self":[{"href":"https:\/\/www.caririemacao.com\/1\/wp-json\/wp\/v2\/posts\/156606","targetHints":{"allow":["GET"]}}],"collection":[{"href":"https:\/\/www.caririemacao.com\/1\/wp-json\/wp\/v2\/posts"}],"about":[{"href":"https:\/\/www.caririemacao.com\/1\/wp-json\/wp\/v2\/types\/post"}],"author":[{"embeddable":true,"href":"https:\/\/www.caririemacao.com\/1\/wp-json\/wp\/v2\/users\/1"}],"replies":[{"embeddable":true,"href":"https:\/\/www.caririemacao.com\/1\/wp-json\/wp\/v2\/comments?post=156606"}],"version-history":[{"count":2,"href":"https:\/\/www.caririemacao.com\/1\/wp-json\/wp\/v2\/posts\/156606\/revisions"}],"predecessor-version":[{"id":156630,"href":"https:\/\/www.caririemacao.com\/1\/wp-json\/wp\/v2\/posts\/156606\/revisions\/156630"}],"wp:featuredmedia":[{"embeddable":true,"href":"https:\/\/www.caririemacao.com\/1\/wp-json\/wp\/v2\/media\/156619"}],"wp:attachment":[{"href":"https:\/\/www.caririemacao.com\/1\/wp-json\/wp\/v2\/media?parent=156606"}],"wp:term":[{"taxonomy":"category","embeddable":true,"href":"https:\/\/www.caririemacao.com\/1\/wp-json\/wp\/v2\/categories?post=156606"},{"taxonomy":"post_tag","embeddable":true,"href":"https:\/\/www.caririemacao.com\/1\/wp-json\/wp\/v2\/tags?post=156606"}],"curies":[{"name":"wp","href":"https:\/\/api.w.org\/{rel}","templated":true}]}}