{"id":156610,"date":"2020-03-05T14:02:48","date_gmt":"2020-03-05T17:02:48","guid":{"rendered":"http:\/\/www.caririemacao.com\/1\/?p=156610"},"modified":"2020-03-05T14:02:50","modified_gmt":"2020-03-05T17:02:50","slug":"ministerio-da-saude-volta-atras-e-confirma-quarto-caso-de-contaminacao-de-coronavirus-no-brasil","status":"publish","type":"post","link":"https:\/\/www.caririemacao.com\/1\/2020\/03\/05\/ministerio-da-saude-volta-atras-e-confirma-quarto-caso-de-contaminacao-de-coronavirus-no-brasil\/","title":{"rendered":"Minist\u00e9rio da Sa\u00fade volta atr\u00e1s e confirma quarto caso de contamina\u00e7\u00e3o de coronav\u00edrus no Brasil"},"content":{"rendered":"\n<p>O Minist\u00e9rio da Sa\u00fade voltou atr\u00e1s e decidiu classificar o&nbsp;<a href=\"https:\/\/www.clickpb.com.br\/brasil\/adolescente-testa-positivo-para-coronavirus-mas-ministerio-da-saude-nao-classifica-como-caso-confirmado-279223.html\">caso da adolescente de S\u00e3o Paulo<\/a>&nbsp;infectada pelo coronav\u00edrus como caso confirmado. Com isso, o Brasil passa a ter quatro casos confirmados da doen\u00e7a.<\/p>\n\n\n\n<p>Inicialmente, o Minist\u00e9rio havia dito que o caso da adolescente de 13 anos n\u00e3o era considerado como confirmado pois ela est\u00e1 assintom\u00e1tica e n\u00e3o preenchia a defini\u00e7\u00e3o para Covid-19, o que incluiria febre associado a mais um sintoma respirat\u00f3rio, apesar da contraprova do Instituto Adolfo Lutz ter dado positiva.<\/p>\n\n\n\n<p>Quatro elementos levaram a defini\u00e7\u00e3o do caso como confirmado: pelo resultado do exame, pelo local prov\u00e1vel de infec\u00e7\u00e3o (It\u00e1lia), pela possibilidade da medica\u00e7\u00e3o ap\u00f3s tratamento de uma les\u00e3o ter mascarado os sintomas e pela possibilidade de ainda ter sintomas nos pr\u00f3ximos dias.<\/p>\n\n\n\n<p>Mais cedo, a Organiza\u00e7\u00e3o Mundial da Sa\u00fade (OMS) disse ao G1 que considera que todos os casos assintom\u00e1ticos de coronav\u00edrus devem ser classificados como confirmados. &#8220;Toda pessoa com teste positivo para Covid-19 \u00e9 considerado como um caso de Covid-19&#8221;, disse em nota.<\/p>\n\n\n\n<p>Na China, pa\u00eds epicentro da doen\u00e7a, casos assintom\u00e1ticos de coronav\u00edrus tamb\u00e9m n\u00e3o entram na classifica\u00e7\u00e3o de casos confirmados. Em 20 de fevereiro, a revista Nature publicou um artigo em que cientistas questionam a medida chinesa. O epidemiologista chefe do Centro Chin\u00eas de Controle e Preven\u00e7\u00e3o de Doen\u00e7as de Pequim, Wu Zunyou, afirmou \u00e0 revista que \u201csempre exigiu que casos positivos n\u00e3o fossem contados como casos confirmados.\u201d Segundo ele, \u201cem vez disso, aqueles que s\u00e3o positivos s\u00e3o isolados por 14 dias e monitorados pelas autoridades de sa\u00fade. Se eles desenvolverem sintomas nesse per\u00edodo, ser\u00e3o classificados como um caso confirmado.\u201d<\/p>\n\n\n\n<p>A paciente de 13 anos viajou ao exterior, com passagem por Portugal e It\u00e1lia, e teve uma les\u00e3o no ligamento durante a viagem, sendo medicada em um hospital italiano. Ela voltou ao Brasil neste domingo (1\u00ba) e procurou atendimento m\u00e9dico no Hospital Benefic\u00eancia Portuguesa, na capital paulista, no dia 3 de mar\u00e7o. Mesmo sem apresentar sintomas, os m\u00e9dicos coletaram amostras para teste para coronav\u00edrus que foi encaminhada ao Laborat\u00f3rio Fleury. O resultado do exame deu positivo.<\/p>\n\n\n\n<p>De acordo com o Minist\u00e9rio da Sa\u00fade, outras an\u00e1lises est\u00e3o sendo realizadas, que devem mostrar a carga viral da paciente e potencial de transmiss\u00e3o, al\u00e9m da supress\u00e3o de sintomas por uso de medicamentos, j\u00e1 que ela foi atendida em hospital italiano ap\u00f3s les\u00e3o de ligamento e hist\u00f3rico dos familiares que a acompanharam na viagem.<\/p>\n\n\n\n<p><strong>Primeiros casos<\/strong><\/p>\n\n\n\n<p>Nesta quarta (4), foi confirmado o terceiro caso de coronav\u00edrus no Brasil. O homem \u00e9 natural da Col\u00f4mbia, tem 46 anos, \u00e9 administrador de empresas, mora em S\u00e3o Paulo, e viajou para a It\u00e1lia, \u00c1ustria, Alemanha e Espanha.<\/p>\n\n\n\n<p>No \u00faltimo s\u00e1bado (29), a Secretaria de Sa\u00fade do Estado de S\u00e3o Paulo e o Minist\u00e9rio da Sa\u00fade confirmaram o segundo caso de coronav\u00edrus no estado. Trata-se de um homem de 32 anos que reside em S\u00e3o Paulo e que chegou de Mil\u00e3o, na It\u00e1lia, na quinta-feira (27).<\/p>\n\n\n\n<p>O primeiro caso foi confirmado na quarta-feira (26). Trata-se de um homem que tamb\u00e9m reside em S\u00e3o Paulo e possui 61 anos. Ele retornou de Turim, no norte da It\u00e1lia, na sexta-feira (21).<\/p>\n","protected":false},"excerpt":{"rendered":"<p>O Minist\u00e9rio da Sa\u00fade voltou atr\u00e1s e decidiu classificar o&nbsp;caso da adolescente de S\u00e3o Paulo&nbsp;infectada pelo coronav\u00edrus como caso confirmado. Com isso, o Brasil passa&hellip; <\/p>\n","protected":false},"author":2,"featured_media":156611,"comment_status":"closed","ping_status":"closed","sticky":false,"template":"","format":"standard","meta":{"sfsi_plus_gutenberg_text_before_share":"","sfsi_plus_gutenberg_show_text_before_share":"","sfsi_plus_gutenberg_icon_type":"","sfsi_plus_gutenberg_icon_alignemt":"","sfsi_plus_gutenburg_max_per_row":"","footnotes":""},"categories":[2],"tags":[],"class_list":["post-156610","post","type-post","status-publish","format-standard","has-post-thumbnail","hentry","category-geral"],"_links":{"self":[{"href":"https:\/\/www.caririemacao.com\/1\/wp-json\/wp\/v2\/posts\/156610","targetHints":{"allow":["GET"]}}],"collection":[{"href":"https:\/\/www.caririemacao.com\/1\/wp-json\/wp\/v2\/posts"}],"about":[{"href":"https:\/\/www.caririemacao.com\/1\/wp-json\/wp\/v2\/types\/post"}],"author":[{"embeddable":true,"href":"https:\/\/www.caririemacao.com\/1\/wp-json\/wp\/v2\/users\/2"}],"replies":[{"embeddable":true,"href":"https:\/\/www.caririemacao.com\/1\/wp-json\/wp\/v2\/comments?post=156610"}],"version-history":[{"count":1,"href":"https:\/\/www.caririemacao.com\/1\/wp-json\/wp\/v2\/posts\/156610\/revisions"}],"predecessor-version":[{"id":156612,"href":"https:\/\/www.caririemacao.com\/1\/wp-json\/wp\/v2\/posts\/156610\/revisions\/156612"}],"wp:featuredmedia":[{"embeddable":true,"href":"https:\/\/www.caririemacao.com\/1\/wp-json\/wp\/v2\/media\/156611"}],"wp:attachment":[{"href":"https:\/\/www.caririemacao.com\/1\/wp-json\/wp\/v2\/media?parent=156610"}],"wp:term":[{"taxonomy":"category","embeddable":true,"href":"https:\/\/www.caririemacao.com\/1\/wp-json\/wp\/v2\/categories?post=156610"},{"taxonomy":"post_tag","embeddable":true,"href":"https:\/\/www.caririemacao.com\/1\/wp-json\/wp\/v2\/tags?post=156610"}],"curies":[{"name":"wp","href":"https:\/\/api.w.org\/{rel}","templated":true}]}}