{"id":156618,"date":"2020-03-05T14:07:39","date_gmt":"2020-03-05T17:07:39","guid":{"rendered":"http:\/\/www.caririemacao.com\/1\/?p=156618"},"modified":"2020-03-05T14:07:42","modified_gmt":"2020-03-05T17:07:42","slug":"joice-assume-lideranca-do-psl-na-camara-no-lugar-de-eduardo-bolsonaro","status":"publish","type":"post","link":"https:\/\/www.caririemacao.com\/1\/2020\/03\/05\/joice-assume-lideranca-do-psl-na-camara-no-lugar-de-eduardo-bolsonaro\/","title":{"rendered":"Joice assume lideran\u00e7a do PSL na C\u00e2mara no lugar de Eduardo Bolsonaro"},"content":{"rendered":"\n<p>A deputado federal Joice Hasselmann (PSL-SP) reassumiu, na quarta-feira 4, a lideran\u00e7a do PSL na C\u00e2mara dos Deputados. Ela ocupar\u00e1 a fun\u00e7\u00e3o no lugar do deputado federal Eduardo Bolsonaro (SP). A mudan\u00e7a ocorre ap\u00f3s o presidente da C\u00e2mara dos Deputados Rodrigo Maia (DEM-RJ) suspender, por um ano, doze deputados bolsonaristas.<\/p>\n\n\n\n<p>A troca na lideran\u00e7a da sigla na C\u00e2mara \u00e9 mais um cap\u00edtulo da disputa entre bivaristas e bolsonaristas pelo comando da sigla. A briga interna atinge o partido desde outubro do ano passado, quando o presidente Jair Bolsonaro, ent\u00e3o filiado ao PSL, disse a um apoiador para \u201cesquecer\u201d a legenda.<\/p>\n\n\n\n<p>Um dos epis\u00f3dios deste embate foi uma esp\u00e9cie de guerra de listas para a nomea\u00e7\u00e3o do l\u00edder do partido na C\u00e2mara \u2013 o parlamentar \u00e9 escolhido mediante a apresenta\u00e7\u00e3o de uma lista com a assinatura da maioria da bancada. Desde ent\u00e3o, ocuparam a lideran\u00e7a do PSL os deputados Delegado Waldir (GO), Joice Hasselmann (SP) e Eduardo Bolsonaro (SP).<\/p>\n\n\n\n<p>Desta vez, 21 parlamentares assinaram a lista de apoio a Joice, que est\u00e1 afastada de suas fun\u00e7\u00f5es legislativas por dez dias, em raz\u00e3o de uma cirurgia de de histerectomia, a extra\u00e7\u00e3o total do \u00fatero.&nbsp;<\/p>\n\n\n\n<p>Na quarta-feira 4, Rodrigo Maia aceitou um pedido do presidente nacional do PSL, Luciano Bivar, e suspendeu, por um ano, os deputados federais Aline Sleutjes, Bibo Nunes, Carlos Jordy, Caroline de Toni, Daniel Silveira, General Gir\u00e3o, Filipe Barros, Cabo Junio, H\u00e9lio Lopes, M\u00e1rcio Labre, Sanderson e Vitor Hugo, l\u00edder do governo na C\u00e2mara. Os parlamentares \u201cficam afastados de qualquer fun\u00e7\u00e3o de lideran\u00e7a e vice-lideran\u00e7a bem como ficam impedidos de orientar a bancada em nome do partido, representar a agremia\u00e7\u00e3o e de participar da escolha do l\u00edder da bancada durante o per\u00edodo de desligamento\u201d.<\/p>\n\n\n\n<p>A decis\u00e3o tamb\u00e9m suspendeu as puni\u00e7\u00f5es anteriormente aplicadas aos deputados Eduardo Bolsonaro, ent\u00e3o l\u00edder do partido, Bia Kicis, Carla Zambelli, Al\u00ea Silva e Chris Tonietto. Na pr\u00e1tica, a bancada do PSL na C\u00e2mara foi reduzida de 53 para 41 deputados.<\/p>\n","protected":false},"excerpt":{"rendered":"<p>A deputado federal Joice Hasselmann (PSL-SP) reassumiu, na quarta-feira 4, a lideran\u00e7a do PSL na C\u00e2mara dos Deputados. Ela ocupar\u00e1 a fun\u00e7\u00e3o no lugar do&hellip; <\/p>\n","protected":false},"author":2,"featured_media":156620,"comment_status":"closed","ping_status":"closed","sticky":false,"template":"","format":"standard","meta":{"sfsi_plus_gutenberg_text_before_share":"","sfsi_plus_gutenberg_show_text_before_share":"","sfsi_plus_gutenberg_icon_type":"","sfsi_plus_gutenberg_icon_alignemt":"","sfsi_plus_gutenburg_max_per_row":"","footnotes":""},"categories":[11],"tags":[],"class_list":["post-156618","post","type-post","status-publish","format-standard","has-post-thumbnail","hentry","category-politica"],"_links":{"self":[{"href":"https:\/\/www.caririemacao.com\/1\/wp-json\/wp\/v2\/posts\/156618","targetHints":{"allow":["GET"]}}],"collection":[{"href":"https:\/\/www.caririemacao.com\/1\/wp-json\/wp\/v2\/posts"}],"about":[{"href":"https:\/\/www.caririemacao.com\/1\/wp-json\/wp\/v2\/types\/post"}],"author":[{"embeddable":true,"href":"https:\/\/www.caririemacao.com\/1\/wp-json\/wp\/v2\/users\/2"}],"replies":[{"embeddable":true,"href":"https:\/\/www.caririemacao.com\/1\/wp-json\/wp\/v2\/comments?post=156618"}],"version-history":[{"count":1,"href":"https:\/\/www.caririemacao.com\/1\/wp-json\/wp\/v2\/posts\/156618\/revisions"}],"predecessor-version":[{"id":156621,"href":"https:\/\/www.caririemacao.com\/1\/wp-json\/wp\/v2\/posts\/156618\/revisions\/156621"}],"wp:featuredmedia":[{"embeddable":true,"href":"https:\/\/www.caririemacao.com\/1\/wp-json\/wp\/v2\/media\/156620"}],"wp:attachment":[{"href":"https:\/\/www.caririemacao.com\/1\/wp-json\/wp\/v2\/media?parent=156618"}],"wp:term":[{"taxonomy":"category","embeddable":true,"href":"https:\/\/www.caririemacao.com\/1\/wp-json\/wp\/v2\/categories?post=156618"},{"taxonomy":"post_tag","embeddable":true,"href":"https:\/\/www.caririemacao.com\/1\/wp-json\/wp\/v2\/tags?post=156618"}],"curies":[{"name":"wp","href":"https:\/\/api.w.org\/{rel}","templated":true}]}}