{"id":156622,"date":"2020-03-05T14:08:54","date_gmt":"2020-03-05T17:08:54","guid":{"rendered":"http:\/\/www.caririemacao.com\/1\/?p=156622"},"modified":"2020-03-05T14:10:09","modified_gmt":"2020-03-05T17:10:09","slug":"chuvas-ja-mataram-27-pessoas-na-baixada-santista","status":"publish","type":"post","link":"https:\/\/www.caririemacao.com\/1\/2020\/03\/05\/chuvas-ja-mataram-27-pessoas-na-baixada-santista\/","title":{"rendered":"Chuvas j\u00e1 mataram 27 pessoas na Baixada Santista"},"content":{"rendered":"\n<p>As chuvas intensas na regi\u00e3o da Baixada Santista na madrugada de ter\u00e7a-feira (3) provocaram, at\u00e9 o momento, 27 mortes e 43 desaparecidos. Na cidade do Guaruj\u00e1 foram 22 mortos e 37 desaparecidos, segundo boletim da Defesa Civil do Estado de S\u00e3o Paulo.<\/p>\n\n\n\n<p>A Defesa Civil Nacional determinou Estado de Calamidade P\u00fablica no munic\u00edpio. A portaria com a medida est\u00e1 publicada no Di\u00e1rio Oficial da Uni\u00e3o desta quinta-feira (5).<\/p>\n\n\n\n<p>Em Santos, s\u00e3o tr\u00eas mostos e cinco desaparecidos. E em S\u00e3o Vicente, dois mortos e um desaparecido. Em Guaruj\u00e1 j\u00e1 s\u00e3o 228 desabrigados; em S\u00e3o Vicente, tr\u00eas; em Santos, 150, e 102 em Peru\u00edbe.<\/p>\n\n\n\n<p>Segundo a Defesa Civil do estado foram disponibilizadas 19,5 toneladas de materiais de ajuda humanit\u00e1ria aos munic\u00edpios afetados, sendo 15,6 toneladas de colch\u00f5es, cobertores, cestas b\u00e1sicas, roupas, \u00e1gua sanit\u00e1ria, kits de limpeza, kits de higiene e \u00e1gua pot\u00e1vel para o dep\u00f3sito do Fundo Social de Santos para serem distribu\u00eddos, mediante solicita\u00e7\u00e3o, \u00e0s defesas civil municipais; uma tonelada de colch\u00f5es para o Guaruj\u00e1; 2,9 toneladas de colch\u00f5es, cestas b\u00e1sicas, kits de higiene, limpeza e vestu\u00e1rio para Peru\u00edbe.<\/p>\n\n\n\n<p>Previs\u00e3o do tempo<br>A previs\u00e3o do tempo para a regi\u00e3o para esta quinta-feira (5) \u00e9 de c\u00e9u nublado com possibilidade de chuva fraca e isolada ao longo do dia. O volume previsto n\u00e3o \u00e9 significativo, inferior a 10 mm. No entanto, devido ao solo estar bastante encharcado e o acumulado em 72 horas estar muito elevado, o alerta para risco de deslizamentos permanece vigente.<\/p>\n","protected":false},"excerpt":{"rendered":"<p>As chuvas intensas na regi\u00e3o da Baixada Santista na madrugada de ter\u00e7a-feira (3) provocaram, at\u00e9 o momento, 27 mortes e 43 desaparecidos. Na cidade do&hellip; <\/p>\n","protected":false},"author":2,"featured_media":156624,"comment_status":"closed","ping_status":"closed","sticky":false,"template":"","format":"standard","meta":{"sfsi_plus_gutenberg_text_before_share":"","sfsi_plus_gutenberg_show_text_before_share":"","sfsi_plus_gutenberg_icon_type":"","sfsi_plus_gutenberg_icon_alignemt":"","sfsi_plus_gutenburg_max_per_row":"","footnotes":""},"categories":[2],"tags":[],"class_list":["post-156622","post","type-post","status-publish","format-standard","has-post-thumbnail","hentry","category-geral"],"_links":{"self":[{"href":"https:\/\/www.caririemacao.com\/1\/wp-json\/wp\/v2\/posts\/156622","targetHints":{"allow":["GET"]}}],"collection":[{"href":"https:\/\/www.caririemacao.com\/1\/wp-json\/wp\/v2\/posts"}],"about":[{"href":"https:\/\/www.caririemacao.com\/1\/wp-json\/wp\/v2\/types\/post"}],"author":[{"embeddable":true,"href":"https:\/\/www.caririemacao.com\/1\/wp-json\/wp\/v2\/users\/2"}],"replies":[{"embeddable":true,"href":"https:\/\/www.caririemacao.com\/1\/wp-json\/wp\/v2\/comments?post=156622"}],"version-history":[{"count":1,"href":"https:\/\/www.caririemacao.com\/1\/wp-json\/wp\/v2\/posts\/156622\/revisions"}],"predecessor-version":[{"id":156625,"href":"https:\/\/www.caririemacao.com\/1\/wp-json\/wp\/v2\/posts\/156622\/revisions\/156625"}],"wp:featuredmedia":[{"embeddable":true,"href":"https:\/\/www.caririemacao.com\/1\/wp-json\/wp\/v2\/media\/156624"}],"wp:attachment":[{"href":"https:\/\/www.caririemacao.com\/1\/wp-json\/wp\/v2\/media?parent=156622"}],"wp:term":[{"taxonomy":"category","embeddable":true,"href":"https:\/\/www.caririemacao.com\/1\/wp-json\/wp\/v2\/categories?post=156622"},{"taxonomy":"post_tag","embeddable":true,"href":"https:\/\/www.caririemacao.com\/1\/wp-json\/wp\/v2\/tags?post=156622"}],"curies":[{"name":"wp","href":"https:\/\/api.w.org\/{rel}","templated":true}]}}