{"id":156631,"date":"2020-03-05T14:32:03","date_gmt":"2020-03-05T17:32:03","guid":{"rendered":"http:\/\/www.caririemacao.com\/1\/?p=156631"},"modified":"2020-03-05T14:32:04","modified_gmt":"2020-03-05T17:32:04","slug":"monteiro-saude-e-pioneira-no-estado-oferecendo-atendimento-odontologico-na-upa-24-horas","status":"publish","type":"post","link":"https:\/\/www.caririemacao.com\/1\/2020\/03\/05\/monteiro-saude-e-pioneira-no-estado-oferecendo-atendimento-odontologico-na-upa-24-horas\/","title":{"rendered":"Monteiro: sa\u00fade \u00e9 pioneira no estado, oferecendo atendimento odontol\u00f3gico na UPA-24 horas"},"content":{"rendered":"\n<p>A Prefeitura Municipal de Monteiro, atrav\u00e9s da Secretaria de Sa\u00fade, est\u00e1 oferecendo uma nova demanda de atendimentos odontol\u00f3gicos noturnos na UPA 24 horas.<\/p>\n\n\n\n<p>A ideia \u00e9 ampliar o alcance do atendimento odontol\u00f3gico do munic\u00edpio de Monteiro, e ainda oferecer uma op\u00e7\u00e3o de hor\u00e1rio flex\u00edvel para as pessoas que trabalham durante todo o dia. <\/p>\n\n\n\n<p>A a\u00e7\u00e3o \u00e9 pioneira no estado e foi possibilitada gra\u00e7as ao empenho da gest\u00e3o municipal, e por determina\u00e7\u00e3o da prefeita Anna Lorena que n\u00e3o mediu esfor\u00e7os para viabilizar a aquisi\u00e7\u00e3o de uma nova e moderna cadeira odontol\u00f3gica. E ainda, outros materiais de consult\u00f3rio que s\u00e3o necess\u00e1rios para um completo atendimento \u00e0 popula\u00e7\u00e3o no hor\u00e1rio da noite.<\/p>\n\n\n\n<p>Os atendimentos s\u00e3o realizados pelo odont\u00f3logo Dr. Jo\u00e3o Henrique Medeiros, tr\u00eas vezes por semana, \u00e0s segundas, ter\u00e7as e quartas-feiras, sempre \u00e0 partir das 19 horas.<\/p>\n\n\n\n<figure class=\"wp-block-image size-large\"><img fetchpriority=\"high\" decoding=\"async\" width=\"768\" height=\"1024\" src=\"http:\/\/www.caririemacao.com\/1\/wp-content\/uploads\/2020\/03\/saude-de-monteiro-se-torna-pioneira-no-estado-e-oferece-atendimento-odontologico-na-upa-24-horas-red-2-768x1024.jpeg\" alt=\"\" class=\"wp-image-156633\" srcset=\"https:\/\/www.caririemacao.com\/1\/wp-content\/uploads\/2020\/03\/saude-de-monteiro-se-torna-pioneira-no-estado-e-oferece-atendimento-odontologico-na-upa-24-horas-red-2-768x1024.jpeg 768w, https:\/\/www.caririemacao.com\/1\/wp-content\/uploads\/2020\/03\/saude-de-monteiro-se-torna-pioneira-no-estado-e-oferece-atendimento-odontologico-na-upa-24-horas-red-2-225x300.jpeg 225w, https:\/\/www.caririemacao.com\/1\/wp-content\/uploads\/2020\/03\/saude-de-monteiro-se-torna-pioneira-no-estado-e-oferece-atendimento-odontologico-na-upa-24-horas-red-2.jpeg 960w\" sizes=\"(max-width: 768px) 100vw, 768px\" \/><\/figure>\n\n\n\n<p>Diariamente ser\u00e3o disponibilizadas 12 fichas e mais as demandas de urg\u00eancia que venham a surgir.<\/p>\n\n\n\n<p>Segundo o Dr. Jo\u00e3o Henrique Medeiros, o esfor\u00e7o feito pela atual gest\u00e3o para o oferecimento deste atendimento, posiciona o munic\u00edpio de Monteiro como pioneiro em todo o estado da Para\u00edba, tendo em vista que nem mesmo grandes centros, como Patos, Campina Grande ou Jo\u00e3o Pessoa n\u00e3o disp\u00f5e deste tipo de demanda em uma UPA.<\/p>\n","protected":false},"excerpt":{"rendered":"<p>A Prefeitura Municipal de Monteiro, atrav\u00e9s da Secretaria de Sa\u00fade, est\u00e1 oferecendo uma nova demanda de atendimentos odontol\u00f3gicos noturnos na UPA 24 horas. A ideia&hellip; <\/p>\n","protected":false},"author":1,"featured_media":156632,"comment_status":"closed","ping_status":"closed","sticky":false,"template":"","format":"standard","meta":{"sfsi_plus_gutenberg_text_before_share":"","sfsi_plus_gutenberg_show_text_before_share":"","sfsi_plus_gutenberg_icon_type":"","sfsi_plus_gutenberg_icon_alignemt":"","sfsi_plus_gutenburg_max_per_row":"","footnotes":""},"categories":[6,50],"tags":[],"class_list":["post-156631","post","type-post","status-publish","format-standard","has-post-thumbnail","hentry","category-cidades","category-destaque"],"_links":{"self":[{"href":"https:\/\/www.caririemacao.com\/1\/wp-json\/wp\/v2\/posts\/156631","targetHints":{"allow":["GET"]}}],"collection":[{"href":"https:\/\/www.caririemacao.com\/1\/wp-json\/wp\/v2\/posts"}],"about":[{"href":"https:\/\/www.caririemacao.com\/1\/wp-json\/wp\/v2\/types\/post"}],"author":[{"embeddable":true,"href":"https:\/\/www.caririemacao.com\/1\/wp-json\/wp\/v2\/users\/1"}],"replies":[{"embeddable":true,"href":"https:\/\/www.caririemacao.com\/1\/wp-json\/wp\/v2\/comments?post=156631"}],"version-history":[{"count":1,"href":"https:\/\/www.caririemacao.com\/1\/wp-json\/wp\/v2\/posts\/156631\/revisions"}],"predecessor-version":[{"id":156634,"href":"https:\/\/www.caririemacao.com\/1\/wp-json\/wp\/v2\/posts\/156631\/revisions\/156634"}],"wp:featuredmedia":[{"embeddable":true,"href":"https:\/\/www.caririemacao.com\/1\/wp-json\/wp\/v2\/media\/156632"}],"wp:attachment":[{"href":"https:\/\/www.caririemacao.com\/1\/wp-json\/wp\/v2\/media?parent=156631"}],"wp:term":[{"taxonomy":"category","embeddable":true,"href":"https:\/\/www.caririemacao.com\/1\/wp-json\/wp\/v2\/categories?post=156631"},{"taxonomy":"post_tag","embeddable":true,"href":"https:\/\/www.caririemacao.com\/1\/wp-json\/wp\/v2\/tags?post=156631"}],"curies":[{"name":"wp","href":"https:\/\/api.w.org\/{rel}","templated":true}]}}