{"id":156650,"date":"2020-03-05T16:26:50","date_gmt":"2020-03-05T19:26:50","guid":{"rendered":"http:\/\/www.caririemacao.com\/1\/?p=156650"},"modified":"2020-03-05T16:26:52","modified_gmt":"2020-03-05T19:26:52","slug":"acude-de-sume-recebe-mais-de-1-milhao-de-metros-cubicos-de-agua-nos-4-primeiros-dias-de-marco","status":"publish","type":"post","link":"https:\/\/www.caririemacao.com\/1\/2020\/03\/05\/acude-de-sume-recebe-mais-de-1-milhao-de-metros-cubicos-de-agua-nos-4-primeiros-dias-de-marco\/","title":{"rendered":"A\u00e7ude de Sum\u00e9 recebe mais de 1 milh\u00e3o de metros c\u00fabicos de \u00e1gua nos 4 primeiros dias de mar\u00e7o"},"content":{"rendered":"\n<p>No dia 29 de fevereiro, o a\u00e7ude de Sum\u00e9 estava com 686.460,00 de metros c\u00fabicos de \u00e1gua, ou seja, 1,43% da capacidade. Ap\u00f3s as chuvas registradas nos 4 primeiros dias de mar\u00e7o, o manancial registrou no dia 4 de fevereiro a marca de 2.078.168,75 milh\u00f5es de metros c\u00fabicos, subindo para 4,63% da capacidade.<\/p>\n\n\n\n<p>O a\u00e7ude de Sum\u00e9 tem uma capacidade total de 44 milh\u00f5es de metros c\u00fabicos de \u00e1gua.<\/p>\n\n\n\n<p>Com 95FM<\/p>\n","protected":false},"excerpt":{"rendered":"<p>No dia 29 de fevereiro, o a\u00e7ude de Sum\u00e9 estava com 686.460,00 de metros c\u00fabicos de \u00e1gua, ou seja, 1,43% da capacidade. Ap\u00f3s as chuvas&hellip; <\/p>\n","protected":false},"author":2,"featured_media":156651,"comment_status":"closed","ping_status":"closed","sticky":false,"template":"","format":"standard","meta":{"sfsi_plus_gutenberg_text_before_share":"","sfsi_plus_gutenberg_show_text_before_share":"","sfsi_plus_gutenberg_icon_type":"","sfsi_plus_gutenberg_icon_alignemt":"","sfsi_plus_gutenburg_max_per_row":"","footnotes":""},"categories":[6],"tags":[],"class_list":["post-156650","post","type-post","status-publish","format-standard","has-post-thumbnail","hentry","category-cidades"],"_links":{"self":[{"href":"https:\/\/www.caririemacao.com\/1\/wp-json\/wp\/v2\/posts\/156650","targetHints":{"allow":["GET"]}}],"collection":[{"href":"https:\/\/www.caririemacao.com\/1\/wp-json\/wp\/v2\/posts"}],"about":[{"href":"https:\/\/www.caririemacao.com\/1\/wp-json\/wp\/v2\/types\/post"}],"author":[{"embeddable":true,"href":"https:\/\/www.caririemacao.com\/1\/wp-json\/wp\/v2\/users\/2"}],"replies":[{"embeddable":true,"href":"https:\/\/www.caririemacao.com\/1\/wp-json\/wp\/v2\/comments?post=156650"}],"version-history":[{"count":1,"href":"https:\/\/www.caririemacao.com\/1\/wp-json\/wp\/v2\/posts\/156650\/revisions"}],"predecessor-version":[{"id":156652,"href":"https:\/\/www.caririemacao.com\/1\/wp-json\/wp\/v2\/posts\/156650\/revisions\/156652"}],"wp:featuredmedia":[{"embeddable":true,"href":"https:\/\/www.caririemacao.com\/1\/wp-json\/wp\/v2\/media\/156651"}],"wp:attachment":[{"href":"https:\/\/www.caririemacao.com\/1\/wp-json\/wp\/v2\/media?parent=156650"}],"wp:term":[{"taxonomy":"category","embeddable":true,"href":"https:\/\/www.caririemacao.com\/1\/wp-json\/wp\/v2\/categories?post=156650"},{"taxonomy":"post_tag","embeddable":true,"href":"https:\/\/www.caririemacao.com\/1\/wp-json\/wp\/v2\/tags?post=156650"}],"curies":[{"name":"wp","href":"https:\/\/api.w.org\/{rel}","templated":true}]}}