{"id":156654,"date":"2020-03-05T19:20:42","date_gmt":"2020-03-05T22:20:42","guid":{"rendered":"http:\/\/www.caririemacao.com\/1\/?p=156654"},"modified":"2020-03-05T19:20:44","modified_gmt":"2020-03-05T22:20:44","slug":"prefeito-jefferson-roberto-se-reune-com-secretarios-e-membros-da-acco","status":"publish","type":"post","link":"https:\/\/www.caririemacao.com\/1\/2020\/03\/05\/prefeito-jefferson-roberto-se-reune-com-secretarios-e-membros-da-acco\/","title":{"rendered":"Prefeito Jefferson Roberto se re\u00fane com secret\u00e1rios e membros da ACCO"},"content":{"rendered":"\n<p>O prefeito de S\u00e3o Jos\u00e9 dos Cordeiros, Jefferson Roberto, se reuniu na tarde desta quinta-feira (5), juntamente com os secret\u00e1rios: Dayvison Romeryto (agricultura) e Serginho (assist\u00eancia social) e tr\u00eas membros da Associa\u00e7\u00e3o dos Criadores de Caprinos e Ovinos. <\/p>\n\n\n\n<p>Na reuni\u00e3o ficou decidido que a Festa da Cabra acontecer\u00e1 nos dias 7, 8 e 9 de Maio de 2020. <\/p>\n\n\n\n<figure class=\"wp-block-image size-large\"><img fetchpriority=\"high\" decoding=\"async\" width=\"836\" height=\"437\" src=\"http:\/\/www.caririemacao.com\/1\/wp-content\/uploads\/2020\/03\/jefferson2456_20200305_2-1.jpg\" alt=\"\" class=\"wp-image-156658\" srcset=\"https:\/\/www.caririemacao.com\/1\/wp-content\/uploads\/2020\/03\/jefferson2456_20200305_2-1.jpg 836w, https:\/\/www.caririemacao.com\/1\/wp-content\/uploads\/2020\/03\/jefferson2456_20200305_2-1-300x157.jpg 300w, https:\/\/www.caririemacao.com\/1\/wp-content\/uploads\/2020\/03\/jefferson2456_20200305_2-1-768x401.jpg 768w\" sizes=\"(max-width: 836px) 100vw, 836px\" \/><\/figure>\n\n\n\n<p>A reuni\u00e3o tamb\u00e9m contou com a presen\u00e7a do Secret\u00e1rio de Estado do Desenvolvimento Humano, Tiberio Limeira e sua equipe, onde na oportunidade visitaram o pr\u00e9dio do CREAS regional da cidade. Ele ainda participou da reuni\u00e3o, e discutiu sobre as quest\u00f5es do Programa do Leite. O mesmo ouviu os produtores, e prometeu trabalhar juntamente com o Governador Jo\u00e3o Azevedo, para que o programa tenha continuidade. &#8220;E que  possamos contribuir com essa cadeia produtiva em nossa regi\u00e3o&#8221; disse o prefeito. <\/p>\n","protected":false},"excerpt":{"rendered":"<p>O prefeito de S\u00e3o Jos\u00e9 dos Cordeiros, Jefferson Roberto, se reuniu na tarde desta quinta-feira (5), juntamente com os secret\u00e1rios: Dayvison Romeryto (agricultura) e Serginho&hellip; <\/p>\n","protected":false},"author":1,"featured_media":156657,"comment_status":"closed","ping_status":"closed","sticky":false,"template":"","format":"standard","meta":{"sfsi_plus_gutenberg_text_before_share":"","sfsi_plus_gutenberg_show_text_before_share":"","sfsi_plus_gutenberg_icon_type":"","sfsi_plus_gutenberg_icon_alignemt":"","sfsi_plus_gutenburg_max_per_row":"","footnotes":""},"categories":[6,50],"tags":[],"class_list":["post-156654","post","type-post","status-publish","format-standard","has-post-thumbnail","hentry","category-cidades","category-destaque"],"_links":{"self":[{"href":"https:\/\/www.caririemacao.com\/1\/wp-json\/wp\/v2\/posts\/156654","targetHints":{"allow":["GET"]}}],"collection":[{"href":"https:\/\/www.caririemacao.com\/1\/wp-json\/wp\/v2\/posts"}],"about":[{"href":"https:\/\/www.caririemacao.com\/1\/wp-json\/wp\/v2\/types\/post"}],"author":[{"embeddable":true,"href":"https:\/\/www.caririemacao.com\/1\/wp-json\/wp\/v2\/users\/1"}],"replies":[{"embeddable":true,"href":"https:\/\/www.caririemacao.com\/1\/wp-json\/wp\/v2\/comments?post=156654"}],"version-history":[{"count":1,"href":"https:\/\/www.caririemacao.com\/1\/wp-json\/wp\/v2\/posts\/156654\/revisions"}],"predecessor-version":[{"id":156659,"href":"https:\/\/www.caririemacao.com\/1\/wp-json\/wp\/v2\/posts\/156654\/revisions\/156659"}],"wp:featuredmedia":[{"embeddable":true,"href":"https:\/\/www.caririemacao.com\/1\/wp-json\/wp\/v2\/media\/156657"}],"wp:attachment":[{"href":"https:\/\/www.caririemacao.com\/1\/wp-json\/wp\/v2\/media?parent=156654"}],"wp:term":[{"taxonomy":"category","embeddable":true,"href":"https:\/\/www.caririemacao.com\/1\/wp-json\/wp\/v2\/categories?post=156654"},{"taxonomy":"post_tag","embeddable":true,"href":"https:\/\/www.caririemacao.com\/1\/wp-json\/wp\/v2\/tags?post=156654"}],"curies":[{"name":"wp","href":"https:\/\/api.w.org\/{rel}","templated":true}]}}