{"id":156661,"date":"2020-03-06T06:54:46","date_gmt":"2020-03-06T09:54:46","guid":{"rendered":"http:\/\/www.caririemacao.com\/1\/?p=156661"},"modified":"2020-03-06T06:55:36","modified_gmt":"2020-03-06T09:55:36","slug":"conselho-de-educacao-reduz-tempo-integral-para-atender-demanda-das-creches-em-sume","status":"publish","type":"post","link":"https:\/\/www.caririemacao.com\/1\/2020\/03\/06\/conselho-de-educacao-reduz-tempo-integral-para-atender-demanda-das-creches-em-sume\/","title":{"rendered":"Conselho de Educa\u00e7\u00e3o reduz tempo integral para atender demanda das creches em Sum\u00e9"},"content":{"rendered":"\n<p> O secret\u00e1rio de Educa\u00e7\u00e3o realizou na manh\u00e3 da \u00faltima segunda-feira (02), uma reuni\u00e3o com os pais e\/ou respons\u00e1veis dos alunos atendidos nas Creches Rita Cipriano e Anita Garibaldi.<br>O encontro foi para tratar de assuntos relacionados ao atendimento e funcionamento das duas institui\u00e7\u00f5es de ensino e tirar d\u00favidas dos pais e\/ou respons\u00e1veis.<br>Devido ao grande n\u00famero de crian\u00e7as na lista de espera, com 202 aguardando vagas, e a impossibilidade de atender a todas em tempo integral, a Secretaria de Educa\u00e7\u00e3o, ap\u00f3s aprova\u00e7\u00e3o do Conselho Municipal de Educa\u00e7\u00e3o, reduziu o atendimento integra para parcial, conseguindo universalizar o acesso dessas crian\u00e7as \u00e0 educa\u00e7\u00e3o infantil.<br>Com a desist\u00eancia de algumas fam\u00edlias, o secret\u00e1rio Odilon informou que a Secretaria est\u00e1 planejando o atendimento integral para algumas turmas, especialmente para os pais e\/ou respons\u00e1veis que trabalham fora de casa.<\/p>\n\n\n\n<p>F\u00e1bioBrito<\/p>\n","protected":false},"excerpt":{"rendered":"<p>O secret\u00e1rio de Educa\u00e7\u00e3o realizou na manh\u00e3 da \u00faltima segunda-feira (02), uma reuni\u00e3o com os pais e\/ou respons\u00e1veis dos alunos atendidos nas Creches Rita Cipriano&hellip; <\/p>\n","protected":false},"author":2,"featured_media":156662,"comment_status":"closed","ping_status":"closed","sticky":false,"template":"","format":"standard","meta":{"sfsi_plus_gutenberg_text_before_share":"","sfsi_plus_gutenberg_show_text_before_share":"","sfsi_plus_gutenberg_icon_type":"","sfsi_plus_gutenberg_icon_alignemt":"","sfsi_plus_gutenburg_max_per_row":"","footnotes":""},"categories":[2],"tags":[],"class_list":["post-156661","post","type-post","status-publish","format-standard","has-post-thumbnail","hentry","category-geral"],"_links":{"self":[{"href":"https:\/\/www.caririemacao.com\/1\/wp-json\/wp\/v2\/posts\/156661","targetHints":{"allow":["GET"]}}],"collection":[{"href":"https:\/\/www.caririemacao.com\/1\/wp-json\/wp\/v2\/posts"}],"about":[{"href":"https:\/\/www.caririemacao.com\/1\/wp-json\/wp\/v2\/types\/post"}],"author":[{"embeddable":true,"href":"https:\/\/www.caririemacao.com\/1\/wp-json\/wp\/v2\/users\/2"}],"replies":[{"embeddable":true,"href":"https:\/\/www.caririemacao.com\/1\/wp-json\/wp\/v2\/comments?post=156661"}],"version-history":[{"count":2,"href":"https:\/\/www.caririemacao.com\/1\/wp-json\/wp\/v2\/posts\/156661\/revisions"}],"predecessor-version":[{"id":156665,"href":"https:\/\/www.caririemacao.com\/1\/wp-json\/wp\/v2\/posts\/156661\/revisions\/156665"}],"wp:featuredmedia":[{"embeddable":true,"href":"https:\/\/www.caririemacao.com\/1\/wp-json\/wp\/v2\/media\/156662"}],"wp:attachment":[{"href":"https:\/\/www.caririemacao.com\/1\/wp-json\/wp\/v2\/media?parent=156661"}],"wp:term":[{"taxonomy":"category","embeddable":true,"href":"https:\/\/www.caririemacao.com\/1\/wp-json\/wp\/v2\/categories?post=156661"},{"taxonomy":"post_tag","embeddable":true,"href":"https:\/\/www.caririemacao.com\/1\/wp-json\/wp\/v2\/tags?post=156661"}],"curies":[{"name":"wp","href":"https:\/\/api.w.org\/{rel}","templated":true}]}}