{"id":156666,"date":"2020-03-06T06:57:13","date_gmt":"2020-03-06T09:57:13","guid":{"rendered":"http:\/\/www.caririemacao.com\/1\/?p=156666"},"modified":"2020-03-06T06:57:15","modified_gmt":"2020-03-06T09:57:15","slug":"ibge-vai-contratar-quase-4-mil-pessoas-para-trabalhar-na-paraiba-saiba-mais","status":"publish","type":"post","link":"https:\/\/www.caririemacao.com\/1\/2020\/03\/06\/ibge-vai-contratar-quase-4-mil-pessoas-para-trabalhar-na-paraiba-saiba-mais\/","title":{"rendered":"IBGE vai contratar quase 4 mil pessoas para trabalhar na Para\u00edba. Saiba mais"},"content":{"rendered":"\n<p>As inscri\u00e7\u00f5es para os processos seletivos simplificados do IBGE somam quase 4 mil vagas na Para\u00edba, distribu\u00eddas entre todos os munic\u00edpios do Estado, foram abertas nesta quinta-feira (5).<\/p>\n\n\n\n<p>Um dos editais oferta 3.347 oportunidades para a fun\u00e7\u00e3o de recenseador, enquanto o outro conta com 632 vagas para os cargos de Agente Censit\u00e1rio Supervisor (ACS) e Agente Censit\u00e1rio Municipal (ACM).<\/p>\n\n\n\n<p>As contrata\u00e7\u00f5es tempor\u00e1rias s\u00e3o para atua\u00e7\u00e3o no Censo Demogr\u00e1fico 2020.<\/p>\n\n\n\n<p>Os interessados devem consultar o edital e realizar a inscri\u00e7\u00e3o online, no site da Cebraspe, banca organizadora, at\u00e9 o dia 24 deste m\u00eas.<\/p>\n\n\n\n<p>As taxas de inscri\u00e7\u00f5es \u2013 de R$ 35,80 para a prova de ACM e ACS, e de R$ 23,61 para recenseador \u2013 podem ser pagas em toda a rede banc\u00e1ria, pela internet e em casas lot\u00e9ricas.<\/p>\n\n\n\n<p>Os profissionais contratados temporariamente pelo IBGE tamb\u00e9m ter\u00e3o direito a f\u00e9rias e 13\u00ba sal\u00e1rios proporcionais, de acordo com a legisla\u00e7\u00e3o em vigor e conforme estabelecido em cada edital.<\/p>\n\n\n\n<p>Um detalhe importante desses processos \u00e9 que as pessoas que trabalharam recentemente como tempor\u00e1rios, para o IBGE ou qualquer outro \u00f3rg\u00e3o p\u00fablico, tamb\u00e9m poder\u00e3o ser contratados, caso sejam aprovados.<\/p>\n\n\n\n<p>Veja abaixo as principais informa\u00e7\u00f5es de cada processo:<\/p>\n\n\n\n<p><strong>Edital para ACS e ACM<\/strong><\/p>\n\n\n\n<p>De acordo com o edital, s\u00e3o ofertadas 197 vagas para agente censit\u00e1rio municipal, com remunera\u00e7\u00e3o de R$ 2.100, enquanto que para agente censit\u00e1rio supervisor h\u00e1 435 vagas, com remunera\u00e7\u00e3o R$ 1.700.<\/p>\n\n\n\n<p>As oportunidades est\u00e3o distribu\u00eddas entre 179 munic\u00edpios paraibanos, sendo Jo\u00e3o Pessoa (91), Campina Grande (46), Santa Rita (15), Patos (13) e Bayeux (12) as cidades com maior oferta.<\/p>\n\n\n\n<p>O n\u00edvel de escolaridade exigido para as duas fun\u00e7\u00f5es \u00e9 o ensino m\u00e9dio completo.<\/p>\n\n\n\n<p>No ato da inscri\u00e7\u00e3o, os candidatos devem escolher em qual munic\u00edpio pretendem trabalhar e, ap\u00f3s a prova objetiva, ser\u00e1 oferecida a vaga de ACM \u00e0queles que obtiverem as melhores coloca\u00e7\u00f5es.<\/p>\n\n\n\n<p>Os demais classificados ser\u00e3o direcionados para a fun\u00e7\u00e3o de ACS.<\/p>\n\n\n\n<p>O agente censit\u00e1rio municipal ser\u00e1 respons\u00e1vel por gerenciar o posto de coleta do Censo e estar \u00e0 frente das a\u00e7\u00f5es administrativas e t\u00e9cnico-operacionais, como controlar os recursos humanos e materiais do local.<\/p>\n\n\n\n<p>J\u00e1 o agente censit\u00e1rio supervisor ter\u00e1 a fun\u00e7\u00e3o de acompanhar, avaliar e orientar os recenseadores durante os trabalhos de campo.<\/p>\n\n\n\n<p>As provas objetivas, de car\u00e1ter classificat\u00f3rio e eliminat\u00f3rio, devem ser aplicadas no dia 17 de maio, com 10 quest\u00f5es de L\u00edngua Portuguesa, 10 quest\u00f5es de Racioc\u00ednio L\u00f3gico Quantitativo, 5 quest\u00f5es de \u00c9tica no Servi\u00e7o P\u00fablico, 15 quest\u00f5es de No\u00e7\u00f5es de Administra\u00e7\u00e3o e Situa\u00e7\u00f5es Gerenciais e 20 quest\u00f5es de Conhecimentos T\u00e9cnicos.<\/p>\n\n\n\n<p>O resultado final est\u00e1 previsto para o dia 12 de junho e os contratos devem ser firmados no per\u00edodo de 15 a 19 do mesmo m\u00eas.<\/p>\n\n\n\n<p>A previs\u00e3o \u00e9 que as contrata\u00e7\u00f5es durem cinco meses, podendo ser prorrogadas, desde que haja necessidade do trabalho e disponibilidade de recursos or\u00e7ament\u00e1rios.<\/p>\n\n\n\n<p><strong>Processo Seletivo para ACS e ACM do IBGE<\/strong><\/p>\n\n\n\n<p>\u2022&nbsp;<strong>Vagas:<\/strong>&nbsp;632, sendo 197 para ACM e 632 para ACS<br>\u2022&nbsp;<strong>N\u00edvel:<\/strong>&nbsp;m\u00e9dio<br>\u2022&nbsp;<strong>Remunera\u00e7\u00e3o:<\/strong>&nbsp;R$ 1.700 a R$ 2.100<br>\u2022&nbsp;<strong>Prazo de inscri\u00e7\u00e3o:<\/strong>&nbsp;at\u00e9 o dia 24 de mar\u00e7o<br>\u2022&nbsp;<strong>Local de inscri\u00e7\u00e3o:<\/strong>&nbsp;<a href=\"https:\/\/www.cebraspe.org.br\/concursos\/IBGE_20_AGENTE\" target=\"_blank\" rel=\"noreferrer noopener\">site da Cebraspe, banca organizadora<\/a><br>\u2022&nbsp;<strong>Taxa de inscri\u00e7\u00e3o:<\/strong>&nbsp;R$ 35,80<br>\u2022&nbsp;<strong>Provas:<\/strong>&nbsp;17 de maio<\/p>\n\n\n\n<p>*<\/p>\n\n\n\n<p><strong>Edital para Recenseador<\/strong><\/p>\n\n\n\n<p>O processo seletivo oferece 3.347 vagas de n\u00edvel fundamental completo para recenseador, subdivididas entre todos os munic\u00edpios paraibanos.<\/p>\n\n\n\n<p>As cidades com mais oportunidades s\u00e3o Jo\u00e3o Pessoa (667), Campina Grande (335), Santa Rita (107), Patos (87), Bayeux (77), Sousa (56), Cabedelo (56), Cajazeiras (52), Guarabira (49), Sap\u00e9 (42), Queimadas (37), Mamanguape (35) e Monteiro (30).<\/p>\n\n\n\n<p>A remunera\u00e7\u00e3o do recenseador \u00e9 calculada por produ\u00e7\u00e3o, com base no n\u00famero de unidades visitadas, na taxa estabelecida para os setores censit\u00e1rios e n\u00fameros de question\u00e1rios respondidos e de pessoas recenseadas.<\/p>\n\n\n\n<p>Um simulador da remunera\u00e7\u00e3o para cada munic\u00edpio est\u00e1 dispon\u00edvel no site do Censo 2020 e pode ser consultado pelos candidatos.<\/p>\n\n\n\n<p>A fun\u00e7\u00e3o n\u00e3o tem hor\u00e1rio fixo e a expectativa \u00e9 de que sejam dedicadas pelo menos 25 horas por semana ao trabalho, inclusive aos feriados e finais de semana.<\/p>\n\n\n\n<p>A sele\u00e7\u00e3o \u00e9 composta por prova objetiva, que deve ser aplicada no dia 24 de maio, com 10 quest\u00f5es de L\u00edngua Portuguesa, 10 quest\u00f5es de Matem\u00e1tica, 5 quest\u00f5es sobre \u00c9tica no Servi\u00e7o P\u00fablico e 25 quest\u00f5es de Conhecimentos T\u00e9cnicos.<\/p>\n\n\n\n<p>Em seguida, ocorrer\u00e1 a etapa de treinamento, de car\u00e1ter eliminat\u00f3rio e classificat\u00f3rio, que ter\u00e1 dura\u00e7\u00e3o de 5 dias, com carga hor\u00e1ria de 8 horas di\u00e1rias.<\/p>\n\n\n\n<p>Ser\u00e3o convocados para essa fase os classificados dentro do n\u00famero de vagas para cada \u00e1rea.<\/p>\n\n\n\n<p>O resultado final das provas deve ser divulgado no dia 3 de julho e a previs\u00e3o \u00e9 que os classificados sejam convocados para treinamento e contrata\u00e7\u00e3o ainda no mesmo m\u00eas.<\/p>\n\n\n\n<p>A expectativa \u00e9 que o contrato dure at\u00e9 tr\u00eas meses, podendo ser prorrogado, tendo em vista a necessidade de concluir as atividades do Censo Demogr\u00e1fico 2020 e a disponibilidade de recursos or\u00e7ament\u00e1rios.<\/p>\n\n\n\n<p><strong>Processo Seletivo para recenseador do IBGE<\/strong><\/p>\n\n\n\n<p>\u2022&nbsp;<strong>Vagas:<\/strong>&nbsp;3.347<br>\u2022&nbsp;<strong>N\u00edvel:<\/strong>&nbsp;fundamental completo<br>\u2022&nbsp;<strong>Remunera\u00e7\u00e3o:<\/strong>&nbsp;calculada por produ\u00e7\u00e3o<br>\u2022&nbsp;<strong>Prazo de inscri\u00e7\u00e3o:<\/strong>&nbsp;at\u00e9 o dia 24 de mar\u00e7o<br>\u2022&nbsp;<strong>Local de inscri\u00e7\u00e3o:<\/strong><a href=\"https:\/\/www.cebraspe.org.br\/concursos\/IBGE_20_RECENSEADOR\" target=\"_blank\" rel=\"noreferrer noopener\">&nbsp;site da Cebraspe, banca organizadora<\/a><br>\u2022&nbsp;<strong>Taxa de inscri\u00e7\u00e3o:<\/strong>&nbsp;R$ 23,61<br>\u2022&nbsp;<strong>Provas:<\/strong>&nbsp;24 de maio<\/p>\n","protected":false},"excerpt":{"rendered":"<p>As inscri\u00e7\u00f5es para os processos seletivos simplificados do IBGE somam quase 4 mil vagas na Para\u00edba, distribu\u00eddas entre todos os munic\u00edpios do Estado, foram abertas&hellip; <\/p>\n","protected":false},"author":2,"featured_media":151742,"comment_status":"closed","ping_status":"closed","sticky":false,"template":"","format":"standard","meta":{"sfsi_plus_gutenberg_text_before_share":"","sfsi_plus_gutenberg_show_text_before_share":"","sfsi_plus_gutenberg_icon_type":"","sfsi_plus_gutenberg_icon_alignemt":"","sfsi_plus_gutenburg_max_per_row":"","footnotes":""},"categories":[2],"tags":[],"class_list":["post-156666","post","type-post","status-publish","format-standard","has-post-thumbnail","hentry","category-geral"],"_links":{"self":[{"href":"https:\/\/www.caririemacao.com\/1\/wp-json\/wp\/v2\/posts\/156666","targetHints":{"allow":["GET"]}}],"collection":[{"href":"https:\/\/www.caririemacao.com\/1\/wp-json\/wp\/v2\/posts"}],"about":[{"href":"https:\/\/www.caririemacao.com\/1\/wp-json\/wp\/v2\/types\/post"}],"author":[{"embeddable":true,"href":"https:\/\/www.caririemacao.com\/1\/wp-json\/wp\/v2\/users\/2"}],"replies":[{"embeddable":true,"href":"https:\/\/www.caririemacao.com\/1\/wp-json\/wp\/v2\/comments?post=156666"}],"version-history":[{"count":1,"href":"https:\/\/www.caririemacao.com\/1\/wp-json\/wp\/v2\/posts\/156666\/revisions"}],"predecessor-version":[{"id":156667,"href":"https:\/\/www.caririemacao.com\/1\/wp-json\/wp\/v2\/posts\/156666\/revisions\/156667"}],"wp:featuredmedia":[{"embeddable":true,"href":"https:\/\/www.caririemacao.com\/1\/wp-json\/wp\/v2\/media\/151742"}],"wp:attachment":[{"href":"https:\/\/www.caririemacao.com\/1\/wp-json\/wp\/v2\/media?parent=156666"}],"wp:term":[{"taxonomy":"category","embeddable":true,"href":"https:\/\/www.caririemacao.com\/1\/wp-json\/wp\/v2\/categories?post=156666"},{"taxonomy":"post_tag","embeddable":true,"href":"https:\/\/www.caririemacao.com\/1\/wp-json\/wp\/v2\/tags?post=156666"}],"curies":[{"name":"wp","href":"https:\/\/api.w.org\/{rel}","templated":true}]}}