{"id":156668,"date":"2020-03-06T06:58:39","date_gmt":"2020-03-06T09:58:39","guid":{"rendered":"http:\/\/www.caririemacao.com\/1\/?p=156668"},"modified":"2020-03-06T06:58:41","modified_gmt":"2020-03-06T09:58:41","slug":"stj-nega-liminar-e-ricardo-coutinho-vai-continuar-usando-tornozeleira-eletronica","status":"publish","type":"post","link":"https:\/\/www.caririemacao.com\/1\/2020\/03\/06\/stj-nega-liminar-e-ricardo-coutinho-vai-continuar-usando-tornozeleira-eletronica\/","title":{"rendered":"STJ nega liminar e Ricardo Coutinho vai continuar usando tornozeleira eletr\u00f4nica"},"content":{"rendered":"\n<p>A ministra Laurita Vaz \u2013 Sexta Turma do Superior Tribunal Justi\u00e7a \u2013 negou a medida liminar impetrada pelos advogados do ex-governador da Para\u00edba, Ricardo Coutinho (PSB), que havia recorrido ao STJ para n\u00e3o usar a tornozeleira eletr\u00f4nica, uma das medidas cautelares determinada pelo desembargador do Tribunal de Justi\u00e7a da Para\u00edba, Ricardo Vital.<\/p>\n\n\n\n<p>A decis\u00e3o saiu no di\u00e1rio eletr\u00f4nico desta quinta-feira, 5.<\/p>\n\n\n\n<p>Ricardo Coutinho foi preso durante a s\u00e9tima fase da Opera\u00e7\u00e3o Calv\u00e1rio sob a acusa\u00e7\u00e3o de participar de um esquema de desvio de recursos p\u00fablicos, recebimento de propinas entre outros atos il\u00edcitos cometidos ainda como governador do Estado.<\/p>\n\n\n\n<p>O mesmo ocorreu recentemente com o pedido da ex-prefeita do Conde, M\u00e1rcia Lucena (PSB), que tamb\u00e9m vai continuar usando o equipamento.<\/p>\n\n\n\n<p>O desembargador Ricardo Vital de Almeida, relator da Opera\u00e7\u00e3o Calv\u00e1rio no Tribunal de Justi\u00e7a da Para\u00edba, havia determinado o uso de tornozeleira eletr\u00f4nica para o ex-governador Ricardo Coutinho e para mais sete investigado, al\u00e9m recolhimento domiciliar noturno, no endere\u00e7o residencial, das 20h at\u00e9 as 5h, no dia 21 de fevereiro e logo em seguido os advogados recorreram ao STJ na tentativa de derrubar a medida.<\/p>\n\n\n\n<p>As medidas v\u00eam se juntar \u00c0s outras cautelares aplicadas pelo Superior Tribunal de Justi\u00e7a (STJ), dentre elas, comparecimento peri\u00f3dico em ju\u00edzo; proibi\u00e7\u00e3o de manter contato com os demais investigados da Opera\u00e7\u00e3o Calv\u00e1rio, exceto seus familiares at\u00e9 o quarto grau; proibi\u00e7\u00e3o de se ausentar da comarca domiciliar, sem pr\u00e9via e expressa autoriza\u00e7\u00e3o do Ju\u00edzo; e afastamento da atividade de natureza econ\u00f4mica\/financeira que exercia com o Estado da Para\u00edba e o Munic\u00edpio de Jo\u00e3o Pessoa, que tenha rela\u00e7\u00e3o com os fatos apurados no processo da Calv\u00e1rio.<\/p>\n","protected":false},"excerpt":{"rendered":"<p>A ministra Laurita Vaz \u2013 Sexta Turma do Superior Tribunal Justi\u00e7a \u2013 negou a medida liminar impetrada pelos advogados do ex-governador da Para\u00edba, Ricardo Coutinho&hellip; <\/p>\n","protected":false},"author":2,"featured_media":156669,"comment_status":"closed","ping_status":"closed","sticky":false,"template":"","format":"standard","meta":{"sfsi_plus_gutenberg_text_before_share":"","sfsi_plus_gutenberg_show_text_before_share":"","sfsi_plus_gutenberg_icon_type":"","sfsi_plus_gutenberg_icon_alignemt":"","sfsi_plus_gutenburg_max_per_row":"","footnotes":""},"categories":[12],"tags":[],"class_list":["post-156668","post","type-post","status-publish","format-standard","has-post-thumbnail","hentry","category-policia"],"_links":{"self":[{"href":"https:\/\/www.caririemacao.com\/1\/wp-json\/wp\/v2\/posts\/156668","targetHints":{"allow":["GET"]}}],"collection":[{"href":"https:\/\/www.caririemacao.com\/1\/wp-json\/wp\/v2\/posts"}],"about":[{"href":"https:\/\/www.caririemacao.com\/1\/wp-json\/wp\/v2\/types\/post"}],"author":[{"embeddable":true,"href":"https:\/\/www.caririemacao.com\/1\/wp-json\/wp\/v2\/users\/2"}],"replies":[{"embeddable":true,"href":"https:\/\/www.caririemacao.com\/1\/wp-json\/wp\/v2\/comments?post=156668"}],"version-history":[{"count":1,"href":"https:\/\/www.caririemacao.com\/1\/wp-json\/wp\/v2\/posts\/156668\/revisions"}],"predecessor-version":[{"id":156670,"href":"https:\/\/www.caririemacao.com\/1\/wp-json\/wp\/v2\/posts\/156668\/revisions\/156670"}],"wp:featuredmedia":[{"embeddable":true,"href":"https:\/\/www.caririemacao.com\/1\/wp-json\/wp\/v2\/media\/156669"}],"wp:attachment":[{"href":"https:\/\/www.caririemacao.com\/1\/wp-json\/wp\/v2\/media?parent=156668"}],"wp:term":[{"taxonomy":"category","embeddable":true,"href":"https:\/\/www.caririemacao.com\/1\/wp-json\/wp\/v2\/categories?post=156668"},{"taxonomy":"post_tag","embeddable":true,"href":"https:\/\/www.caririemacao.com\/1\/wp-json\/wp\/v2\/tags?post=156668"}],"curies":[{"name":"wp","href":"https:\/\/api.w.org\/{rel}","templated":true}]}}