{"id":156673,"date":"2020-03-06T07:07:24","date_gmt":"2020-03-06T10:07:24","guid":{"rendered":"http:\/\/www.caririemacao.com\/1\/?p=156673"},"modified":"2020-03-06T07:07:25","modified_gmt":"2020-03-06T10:07:25","slug":"governo-da-pb-quer-que-cruz-vermelha-devolva-r-52-milhoes","status":"publish","type":"post","link":"https:\/\/www.caririemacao.com\/1\/2020\/03\/06\/governo-da-pb-quer-que-cruz-vermelha-devolva-r-52-milhoes\/","title":{"rendered":"Governo da PB quer que Cruz Vermelha devolva R$ 52 milh\u00f5es"},"content":{"rendered":"\n<p>O Governo da Para\u00edba entrou com uma a\u00e7\u00e3o contra a Cruz Vermelha e quer de volta mais de R$ 52 milh\u00f5es de reais que teriam sido desviados dos cofres do governo.<\/p>\n\n\n\n<p>A a\u00e7\u00e3o de ressarcimento \u00e9 da Procuradoria-Geral do Estado.<\/p>\n\n\n\n<p>Tamb\u00e9m s\u00e3o alvos da a\u00e7\u00e3o seis dirigentes da Cruz Vermelha com sede no Rio Grande do Sul.<\/p>\n\n\n\n<p>A organiza\u00e7\u00e3o social era respons\u00e1vel at\u00e9 junho do ano passado pela gest\u00e3o do Hospital de Trauma de Jo\u00e3o Pessoa.<\/p>\n\n\n\n<p>Entrou em 2011 no primeiro mandato do ex-governador Ricardo Coutinho.<\/p>\n\n\n\n<p>Entre os pedidos do Governo no processo, est\u00e1 a indisponibilidade de bens da organiza\u00e7\u00e3o social e o sequestro dos bens dos dirigentes.<\/p>\n\n\n\n<p>Entre as irregularidades levantadas durante uma auditoria est\u00e3o o pagamento de gratifica\u00e7\u00f5es a m\u00e9dicos, diretores e gerentes sem crit\u00e9rios.<\/p>\n\n\n\n<p>H\u00e1 ind\u00edcio de sobrepre\u00e7o em diversos contratos.<\/p>\n\n\n\n<p>Tudo foi anexado ao processo.<\/p>\n\n\n\n<p>Os supostos desvios da Cruz Vermelha foram apontados nas investiga\u00e7\u00f5es da Opera\u00e7\u00e3o Calv\u00e1rio, que foi quando esse modelo de gest\u00e3o foi colocado em cheque.<\/p>\n\n\n\n<p>A reportagem procurou a Cruz Vermelha, mas n\u00e3o obteve resposta.<\/p>\n\n\n\n<p>*com informa\u00e7\u00f5es do JPB<\/p>\n","protected":false},"excerpt":{"rendered":"<p>O Governo da Para\u00edba entrou com uma a\u00e7\u00e3o contra a Cruz Vermelha e quer de volta mais de R$ 52 milh\u00f5es de reais que teriam&hellip; <\/p>\n","protected":false},"author":2,"featured_media":156674,"comment_status":"closed","ping_status":"closed","sticky":false,"template":"","format":"standard","meta":{"sfsi_plus_gutenberg_text_before_share":"","sfsi_plus_gutenberg_show_text_before_share":"","sfsi_plus_gutenberg_icon_type":"","sfsi_plus_gutenberg_icon_alignemt":"","sfsi_plus_gutenburg_max_per_row":"","footnotes":""},"categories":[2],"tags":[],"class_list":["post-156673","post","type-post","status-publish","format-standard","has-post-thumbnail","hentry","category-geral"],"_links":{"self":[{"href":"https:\/\/www.caririemacao.com\/1\/wp-json\/wp\/v2\/posts\/156673","targetHints":{"allow":["GET"]}}],"collection":[{"href":"https:\/\/www.caririemacao.com\/1\/wp-json\/wp\/v2\/posts"}],"about":[{"href":"https:\/\/www.caririemacao.com\/1\/wp-json\/wp\/v2\/types\/post"}],"author":[{"embeddable":true,"href":"https:\/\/www.caririemacao.com\/1\/wp-json\/wp\/v2\/users\/2"}],"replies":[{"embeddable":true,"href":"https:\/\/www.caririemacao.com\/1\/wp-json\/wp\/v2\/comments?post=156673"}],"version-history":[{"count":1,"href":"https:\/\/www.caririemacao.com\/1\/wp-json\/wp\/v2\/posts\/156673\/revisions"}],"predecessor-version":[{"id":156675,"href":"https:\/\/www.caririemacao.com\/1\/wp-json\/wp\/v2\/posts\/156673\/revisions\/156675"}],"wp:featuredmedia":[{"embeddable":true,"href":"https:\/\/www.caririemacao.com\/1\/wp-json\/wp\/v2\/media\/156674"}],"wp:attachment":[{"href":"https:\/\/www.caririemacao.com\/1\/wp-json\/wp\/v2\/media?parent=156673"}],"wp:term":[{"taxonomy":"category","embeddable":true,"href":"https:\/\/www.caririemacao.com\/1\/wp-json\/wp\/v2\/categories?post=156673"},{"taxonomy":"post_tag","embeddable":true,"href":"https:\/\/www.caririemacao.com\/1\/wp-json\/wp\/v2\/tags?post=156673"}],"curies":[{"name":"wp","href":"https:\/\/api.w.org\/{rel}","templated":true}]}}