{"id":156677,"date":"2020-03-06T07:09:07","date_gmt":"2020-03-06T10:09:07","guid":{"rendered":"http:\/\/www.caririemacao.com\/1\/?p=156677"},"modified":"2020-03-06T07:09:09","modified_gmt":"2020-03-06T10:09:09","slug":"calendario-eleitoral-comecou-a-janela-de-troca-partidaria-saiba-mais-informacoes","status":"publish","type":"post","link":"https:\/\/www.caririemacao.com\/1\/2020\/03\/06\/calendario-eleitoral-comecou-a-janela-de-troca-partidaria-saiba-mais-informacoes\/","title":{"rendered":"Calend\u00e1rio Eleitoral: Come\u00e7ou a janela de troca partid\u00e1ria. Saiba mais informa\u00e7\u00f5es"},"content":{"rendered":"\n<p>A coordenadora da Corregedoria Regional Eleitoral, Vanessa do Egito, falou em entrevista nesta quinta-feira, 5, sobre os prazos para as elei\u00e7\u00f5es de 2020.<\/p>\n\n\n\n<p>De acordo com ela, o prazo m\u00e1ximo para mudar o domic\u00edlio eleitoral \u00e9 o dia 4 abril.<\/p>\n\n\n\n<p>Essa data tamb\u00e9m vale para mudan\u00e7a de partido.<\/p>\n\n\n\n<p>Ela disse ainda que no dia 6 de maio se encerra o prazo de cadastro eleitoral para eleitores.<\/p>\n\n\n\n<p>A situa\u00e7\u00e3o \u00e9 voltada para aqueles eleitores que est\u00e3o em d\u00e9bito com a Justi\u00e7a Eleitoral ou que queiram transferir seu domicilio eleitoral.<\/p>\n\n\n\n<p>O dia 6 de maio \u00e9 tamb\u00e9m o prazo final do alistamento das pessoas a partir de 16 anos que n\u00e3o s\u00e3o eleitoras e que querem votar.<\/p>\n\n\n\n<p>\u2013 Depois do alistamento, a gente tem o prazo das conven\u00e7\u00f5es partid\u00e1rias, que \u00e9 em julho, de 20 de julho a 5 de agosto \u2013 informou.<\/p>\n\n\n\n<p>Ap\u00f3s as conven\u00e7\u00f5es vem o registro de candidaturas.<\/p>\n\n\n\n<p>\u2013 Desde o momento em que o partido fa\u00e7a sua Conven\u00e7\u00e3o, ele j\u00e1 pode indicar os candidatos que foram apontados na Conven\u00e7\u00e3o na Justi\u00e7a Eleitoral, lembrando que esse ano \u00e9 ano de elei\u00e7\u00e3o municipal, ent\u00e3o esses nomes s\u00e3o levados para cada Zona Eleitoral, o nome dos candidatos \u2013 disse.<\/p>\n\n\n\n<p>O prazo m\u00e1ximo \u00e9 o dia 15 de agosto.<\/p>\n\n\n\n<p>\u2013 A partir de 16 de agosto, temos a propaganda eleitoral, que vai at\u00e9 a v\u00e9spera dia 3 \u2013 completou.<\/p>\n\n\n\n<p>O primeiro turno das elei\u00e7\u00f5es ser\u00e1 no dia 4 de outubro e o segundo turno, se houver, no dia 25 de outubro.<\/p>\n","protected":false},"excerpt":{"rendered":"<p>A coordenadora da Corregedoria Regional Eleitoral, Vanessa do Egito, falou em entrevista nesta quinta-feira, 5, sobre os prazos para as elei\u00e7\u00f5es de 2020. De acordo&hellip; <\/p>\n","protected":false},"author":2,"featured_media":156678,"comment_status":"closed","ping_status":"closed","sticky":false,"template":"","format":"standard","meta":{"sfsi_plus_gutenberg_text_before_share":"","sfsi_plus_gutenberg_show_text_before_share":"","sfsi_plus_gutenberg_icon_type":"","sfsi_plus_gutenberg_icon_alignemt":"","sfsi_plus_gutenburg_max_per_row":"","footnotes":""},"categories":[2],"tags":[],"class_list":["post-156677","post","type-post","status-publish","format-standard","has-post-thumbnail","hentry","category-geral"],"_links":{"self":[{"href":"https:\/\/www.caririemacao.com\/1\/wp-json\/wp\/v2\/posts\/156677","targetHints":{"allow":["GET"]}}],"collection":[{"href":"https:\/\/www.caririemacao.com\/1\/wp-json\/wp\/v2\/posts"}],"about":[{"href":"https:\/\/www.caririemacao.com\/1\/wp-json\/wp\/v2\/types\/post"}],"author":[{"embeddable":true,"href":"https:\/\/www.caririemacao.com\/1\/wp-json\/wp\/v2\/users\/2"}],"replies":[{"embeddable":true,"href":"https:\/\/www.caririemacao.com\/1\/wp-json\/wp\/v2\/comments?post=156677"}],"version-history":[{"count":1,"href":"https:\/\/www.caririemacao.com\/1\/wp-json\/wp\/v2\/posts\/156677\/revisions"}],"predecessor-version":[{"id":156679,"href":"https:\/\/www.caririemacao.com\/1\/wp-json\/wp\/v2\/posts\/156677\/revisions\/156679"}],"wp:featuredmedia":[{"embeddable":true,"href":"https:\/\/www.caririemacao.com\/1\/wp-json\/wp\/v2\/media\/156678"}],"wp:attachment":[{"href":"https:\/\/www.caririemacao.com\/1\/wp-json\/wp\/v2\/media?parent=156677"}],"wp:term":[{"taxonomy":"category","embeddable":true,"href":"https:\/\/www.caririemacao.com\/1\/wp-json\/wp\/v2\/categories?post=156677"},{"taxonomy":"post_tag","embeddable":true,"href":"https:\/\/www.caririemacao.com\/1\/wp-json\/wp\/v2\/tags?post=156677"}],"curies":[{"name":"wp","href":"https:\/\/api.w.org\/{rel}","templated":true}]}}