{"id":156681,"date":"2020-03-06T07:13:58","date_gmt":"2020-03-06T10:13:58","guid":{"rendered":"http:\/\/www.caririemacao.com\/1\/?p=156681"},"modified":"2020-03-06T07:14:00","modified_gmt":"2020-03-06T10:14:00","slug":"ministerio-da-saude-confirma-oitavo-caso-de-coronavirus-no-brasil","status":"publish","type":"post","link":"https:\/\/www.caririemacao.com\/1\/2020\/03\/06\/ministerio-da-saude-confirma-oitavo-caso-de-coronavirus-no-brasil\/","title":{"rendered":"Minist\u00e9rio da Sa\u00fade confirma oitavo caso de coronav\u00edrus no Brasil"},"content":{"rendered":"\n<p>O Minist\u00e9rio da Sa\u00fade (MS) confirmou mais quatro casos de coronav\u00edrus no Brasil, totalizando seis em S\u00e3o Paulo, um no Rio de Janeiro e outro no Esp\u00edrito Santo.<\/p>\n\n\n\n<p>Segundo o secret\u00e1rio de Vigil\u00e2ncia em Sa\u00fade, Wanderson de Oliveira, o caso confirmado no Esp\u00edrito Santo entrar\u00e1 no banco de dados do minist\u00e9rio nas pr\u00f3ximas horas, mas j\u00e1 est\u00e1 confirmado.<\/p>\n\n\n\n<p>Com a atualiza\u00e7\u00e3o dos dados de hoje, o Brasil tem 636 casos suspeitos e oito confirmados.<\/p>\n\n\n\n<p>Os casos confirmados est\u00e3o em isolamento domiciliar. O caso do Esp\u00edrito Santo \u00e9 uma mulher de 37 anos, com hist\u00f3rico de viagem.<\/p>\n\n\n\n<p>O caso confirmado no Rio \u00e9 de uma mulher de 27 anos, que fez viagem \u00e0 It\u00e1lia e Alemanha entre 9 e 23 de fevereiro.<\/p>\n\n\n\n<p>Ela sentiu os primeiros sintomas ainda durante a viagem, em 17 de fevereiro. A paciente teve febre, falta de ar e apresentou coriza. Foi atendida, no Brasil, no dia 2 de mar\u00e7o.<\/p>\n\n\n\n<p>Al\u00e9m disso, existe um caso confirmado no Distrito Federal, ap\u00f3s exame feito por um laborat\u00f3rio particular. O minist\u00e9rio ainda aguarda a contraprova, realizada por uma institui\u00e7\u00e3o credenciada pelo Minist\u00e9rio da Sa\u00fade para realizar o exame, para confirmar oficialmente.<\/p>\n\n\n\n<p>Trata-se de uma mulher, de 53 anos, que viajou pela Inglaterra e Su\u00ed\u00e7a.<\/p>\n\n\n\n<p>Existe um caso at\u00edpico em S\u00e3o Paulo, tamb\u00e9m dentre os confirmados.<\/p>\n\n\n\n<p>Uma jovem de 13 anos retornou da It\u00e1lia, n\u00e3o apresentou sintomas, mas teve a presen\u00e7a do v\u00edrus confirmada no organismo. Ela procurou atendimento m\u00e9dico por outro motivo, ter rompido um tend\u00e3o. E, durante os procedimentos m\u00e9dicos, os exames detectaram o v\u00edrus.<\/p>\n\n\n\n<p>Isso n\u00e3o significa que essa jovem pode transmitir o v\u00edrus. Segundo o secret\u00e1rio de Vigil\u00e2ncia em Sa\u00fade do Minist\u00e9rio da Sa\u00fade, ela n\u00e3o est\u00e1 em isolamento e n\u00e3o transmitiu o v\u00edrus a ningu\u00e9m.<\/p>\n\n\n\n<p>\u201cEla teve a presen\u00e7a, a identifica\u00e7\u00e3o, de fragmentos do v\u00edrus. Ela pode ir pra escola, vida que segue. Ela \u00e9 um portador assintom\u00e1tico, mas n\u00e3o quer dizer que esse v\u00edrus pode ser transmitido. O v\u00edrus n\u00e3o \u00e9 vi\u00e1vel, ele est\u00e1 fragmentado. As pessoas pr\u00f3ximas n\u00e3o pegaram\u201d, disse.<\/p>\n\n\n\n<p>De acordo com Wanderson de Oliveira, o Brasil passou a ser um pa\u00eds com transmiss\u00e3o local, ou seja, existem dois tipos de contaminados: os que chegaram de viagem internacional, vindos de pa\u00edses com circula\u00e7\u00e3o do v\u00edrus; e pessoas que tiveram contato com essas pessoas que estiveram no exterior.<\/p>\n\n\n\n<p>Ainda n\u00e3o existe transmiss\u00e3o comunit\u00e1ria do v\u00edrus no Brasil. J\u00e1 a China, Coreia do Sul e It\u00e1lia est\u00e3o enquadradas como pa\u00edses de transmiss\u00e3o comunit\u00e1ria, quando nem sempre \u00e9 poss\u00edvel identificar a fonte de contamina\u00e7\u00e3o de um caso positivo.<\/p>\n\n\n\n<p>Segundo ele, o brasileiro n\u00e3o deve mudar seus h\u00e1bitos, como usar m\u00e1scaras, por exemplo. O que deve ser feito \u00e9 adotar pr\u00e1ticas de higiene, como lavar as m\u00e3os e levar as m\u00e3os \u00e0 boca ao espirrar.<\/p>\n\n\n\n<p>\u201cN\u00e3o muda nada nas condutas adotadas at\u00e9 o momento. [\u2026] Se apresentar sintomas gripais n\u00e3o v\u00e1 trabalhar, n\u00e3o v\u00e1 viajar e n\u00e3o v\u00e1 estudar. N\u00e3o v\u00e1 para locais p\u00fablicos, fique em casa se hidratando e se alimentando bem\u201d, afirmou.<\/p>\n\n\n\n<p><strong>Testes de coronav\u00edrus no Brasil<\/strong><\/p>\n\n\n\n<p>No Brasil, laborat\u00f3rios p\u00fablicos ou privados que identificarem casos confirmados da doen\u00e7a pela primeira vez, devem passar por valida\u00e7\u00e3o de um dos tr\u00eas laborat\u00f3rios de refer\u00eancia nacional: Funda\u00e7\u00e3o Oswaldo Cruz (Fiocruz); Instituto Evandro Chagas, no Par\u00e1; e Instituto Adolfo Lutz em S\u00e3o Paulo.<\/p>\n\n\n\n<p>Ap\u00f3s a valida\u00e7\u00e3o da qualidade, o laborat\u00f3rio passa a ser considerado parte da Rede Nacional de Alerta e Resposta \u00e0s Emerg\u00eancias em Sa\u00fade P\u00fablica.<\/p>\n\n\n\n<p>Ontem (4) a Fiocruz come\u00e7ou a distribuir, no Rio de Janeiro, kits para o diagn\u00f3stico do novo coronav\u00edrus para laborat\u00f3rios centrais estaduais, que tamb\u00e9m passar\u00e3o por um processo de capacita\u00e7\u00e3o para a realiza\u00e7\u00e3o dos testes.<\/p>\n\n\n\n<p>Os kits foram desenvolvidos no Brasil pelo Instituto de Tecnologia em Imunobiol\u00f3gicos (Bio-Manguinhos\/Fiocruz) e pelo Instituto de Biologia Molecular do Paran\u00e1 (IBMP). J\u00e1 a capacita\u00e7\u00e3o ser\u00e1 conduzida pelo Laborat\u00f3rio de V\u00edrus Respirat\u00f3rio e Sarampo do Instituto Oswaldo Cruz.<\/p>\n","protected":false},"excerpt":{"rendered":"<p>O Minist\u00e9rio da Sa\u00fade (MS) confirmou mais quatro casos de coronav\u00edrus no Brasil, totalizando seis em S\u00e3o Paulo, um no Rio de Janeiro e outro&hellip; <\/p>\n","protected":false},"author":2,"featured_media":156682,"comment_status":"closed","ping_status":"closed","sticky":false,"template":"","format":"standard","meta":{"sfsi_plus_gutenberg_text_before_share":"","sfsi_plus_gutenberg_show_text_before_share":"","sfsi_plus_gutenberg_icon_type":"","sfsi_plus_gutenberg_icon_alignemt":"","sfsi_plus_gutenburg_max_per_row":"","footnotes":""},"categories":[16],"tags":[],"class_list":["post-156681","post","type-post","status-publish","format-standard","has-post-thumbnail","hentry","category-saude"],"_links":{"self":[{"href":"https:\/\/www.caririemacao.com\/1\/wp-json\/wp\/v2\/posts\/156681","targetHints":{"allow":["GET"]}}],"collection":[{"href":"https:\/\/www.caririemacao.com\/1\/wp-json\/wp\/v2\/posts"}],"about":[{"href":"https:\/\/www.caririemacao.com\/1\/wp-json\/wp\/v2\/types\/post"}],"author":[{"embeddable":true,"href":"https:\/\/www.caririemacao.com\/1\/wp-json\/wp\/v2\/users\/2"}],"replies":[{"embeddable":true,"href":"https:\/\/www.caririemacao.com\/1\/wp-json\/wp\/v2\/comments?post=156681"}],"version-history":[{"count":1,"href":"https:\/\/www.caririemacao.com\/1\/wp-json\/wp\/v2\/posts\/156681\/revisions"}],"predecessor-version":[{"id":156683,"href":"https:\/\/www.caririemacao.com\/1\/wp-json\/wp\/v2\/posts\/156681\/revisions\/156683"}],"wp:featuredmedia":[{"embeddable":true,"href":"https:\/\/www.caririemacao.com\/1\/wp-json\/wp\/v2\/media\/156682"}],"wp:attachment":[{"href":"https:\/\/www.caririemacao.com\/1\/wp-json\/wp\/v2\/media?parent=156681"}],"wp:term":[{"taxonomy":"category","embeddable":true,"href":"https:\/\/www.caririemacao.com\/1\/wp-json\/wp\/v2\/categories?post=156681"},{"taxonomy":"post_tag","embeddable":true,"href":"https:\/\/www.caririemacao.com\/1\/wp-json\/wp\/v2\/tags?post=156681"}],"curies":[{"name":"wp","href":"https:\/\/api.w.org\/{rel}","templated":true}]}}