{"id":156684,"date":"2020-03-06T07:15:23","date_gmt":"2020-03-06T10:15:23","guid":{"rendered":"http:\/\/www.caririemacao.com\/1\/?p=156684"},"modified":"2020-03-06T07:15:25","modified_gmt":"2020-03-06T10:15:25","slug":"e-uma-desgraca-ter-um-presidente-palhaco-diz-sheherazade-sobre-bolsonaro","status":"publish","type":"post","link":"https:\/\/www.caririemacao.com\/1\/2020\/03\/06\/e-uma-desgraca-ter-um-presidente-palhaco-diz-sheherazade-sobre-bolsonaro\/","title":{"rendered":"&#8220;\u00c9 uma desgra\u00e7a ter um presidente palha\u00e7o&#8221;, diz Sheherazade sobre Bolsonaro"},"content":{"rendered":"\n<p>Jair Bolsonaro tomou uma atitude pol\u00eamica nesta quarta-feira (4), ao enviar&nbsp; o humorista M\u00e1rvio L\u00facio, o Carioca, caracterizado como \u201cBolsonabo\u201d, para uma entrevista coletiva, e a jornalista Rachel Sheherazade n\u00e3o gostou nada.&nbsp;O ocorrido aconteceu em frente ao Pal\u00e1cio do Alvorada, quando os profissionais da m\u00eddia o aguardavam para comentar o avan\u00e7o de 1,1% do PIB, menor que os de 2018 e 2017, e receberam bananas do comediante.<\/p>\n\n\n\n<p>Diante da situa\u00e7\u00e3o, Rachel, por meio de suas redes sociais, protestou, dizendo: \u201cDesrespeito. N\u00e3o tem limite a falta de compostura, de decoro e de respeito do presidente da Rep\u00fablica contra os cidad\u00e3os\u201d.<\/p>\n\n\n\n<p>\u201cNeste caso, contra os profissionais da imprensa. Ataques contra jornalistas, insinua\u00e7\u00f5es de troca de favores sexuais, acusa\u00e7\u00f5es levianas, linchamento moral nas redes sociais\u201d, lamentou.<\/p>\n\n\n\n<p>\u201cE nos pergunt\u00e1vamos se Bolsonaro poderia ir ainda mais longe. Ele foi. Contratar um humorista para distribuir bananas aos jornalistas n\u00e3o tem gra\u00e7a. \u00c9 uma desgra\u00e7a ter um presidente que age como um palha\u00e7o\u201d, detonou.<\/p>\n\n\n\n<p>\u201cA imprensa deveria solenemente ignorar esse senhor. Mas, n\u00e3o somos os donos dos ve\u00edculos em que atuamos. Nossa resposta a esse cidad\u00e3o deveria ser o desprezo, \u2018honraria\u2019 concedida aos vazios de sentimentos, aos destitu\u00eddos de vergonha e de hombridade\u201d, continuou.<\/p>\n\n\n\n<p>A \u00e2ncora do SBT Brasil, finalizou, dizendo: \u201cEis o governo do CIRCO, sem p\u00e3o\u2026 #vergonhaalheia\u201d.<\/p>\n","protected":false},"excerpt":{"rendered":"<p>Jair Bolsonaro tomou uma atitude pol\u00eamica nesta quarta-feira (4), ao enviar&nbsp; o humorista M\u00e1rvio L\u00facio, o Carioca, caracterizado como \u201cBolsonabo\u201d, para uma entrevista coletiva, e&hellip; <\/p>\n","protected":false},"author":2,"featured_media":156685,"comment_status":"closed","ping_status":"closed","sticky":false,"template":"","format":"standard","meta":{"sfsi_plus_gutenberg_text_before_share":"","sfsi_plus_gutenberg_show_text_before_share":"","sfsi_plus_gutenberg_icon_type":"","sfsi_plus_gutenberg_icon_alignemt":"","sfsi_plus_gutenburg_max_per_row":"","footnotes":""},"categories":[2],"tags":[],"class_list":["post-156684","post","type-post","status-publish","format-standard","has-post-thumbnail","hentry","category-geral"],"_links":{"self":[{"href":"https:\/\/www.caririemacao.com\/1\/wp-json\/wp\/v2\/posts\/156684","targetHints":{"allow":["GET"]}}],"collection":[{"href":"https:\/\/www.caririemacao.com\/1\/wp-json\/wp\/v2\/posts"}],"about":[{"href":"https:\/\/www.caririemacao.com\/1\/wp-json\/wp\/v2\/types\/post"}],"author":[{"embeddable":true,"href":"https:\/\/www.caririemacao.com\/1\/wp-json\/wp\/v2\/users\/2"}],"replies":[{"embeddable":true,"href":"https:\/\/www.caririemacao.com\/1\/wp-json\/wp\/v2\/comments?post=156684"}],"version-history":[{"count":1,"href":"https:\/\/www.caririemacao.com\/1\/wp-json\/wp\/v2\/posts\/156684\/revisions"}],"predecessor-version":[{"id":156686,"href":"https:\/\/www.caririemacao.com\/1\/wp-json\/wp\/v2\/posts\/156684\/revisions\/156686"}],"wp:featuredmedia":[{"embeddable":true,"href":"https:\/\/www.caririemacao.com\/1\/wp-json\/wp\/v2\/media\/156685"}],"wp:attachment":[{"href":"https:\/\/www.caririemacao.com\/1\/wp-json\/wp\/v2\/media?parent=156684"}],"wp:term":[{"taxonomy":"category","embeddable":true,"href":"https:\/\/www.caririemacao.com\/1\/wp-json\/wp\/v2\/categories?post=156684"},{"taxonomy":"post_tag","embeddable":true,"href":"https:\/\/www.caririemacao.com\/1\/wp-json\/wp\/v2\/tags?post=156684"}],"curies":[{"name":"wp","href":"https:\/\/api.w.org\/{rel}","templated":true}]}}