{"id":156688,"date":"2020-03-06T07:17:11","date_gmt":"2020-03-06T10:17:11","guid":{"rendered":"http:\/\/www.caririemacao.com\/1\/?p=156688"},"modified":"2020-03-06T07:17:13","modified_gmt":"2020-03-06T10:17:13","slug":"alunos-de-escola-de-recife-fazem-saudacao-nazista-em-sala-de-aula-e-divulgam-imagem-em-rede-social","status":"publish","type":"post","link":"https:\/\/www.caririemacao.com\/1\/2020\/03\/06\/alunos-de-escola-de-recife-fazem-saudacao-nazista-em-sala-de-aula-e-divulgam-imagem-em-rede-social\/","title":{"rendered":"Alunos de escola de Recife fazem sauda\u00e7\u00e3o nazista em sala de aula e divulgam imagem em rede social"},"content":{"rendered":"\n<p>Um grupo de alunos com idades entre 16 e 17 anos, do col\u00e9gio particular Santa Maria, tradicional institui\u00e7\u00e3o de ensino de Recife, fizeram sauda\u00e7\u00f5es nazistas em sala de aula durante campanha para que um deles se tornasse o orador da turma.<\/p>\n\n\n\n<p>A imagem feita na tarde desta quinta-feira (5) foi postada pelos pr\u00f3prios estudantes em uma rede social e apagada horas depois.<\/p>\n\n\n\n<p>A conta usada foi removida.<\/p>\n\n\n\n<p>Na foto, um estudante de casaco preto aparece no lugar do professor. Os outros alunos virados pra ele erguem os bra\u00e7os na sauda\u00e7\u00e3o nazista.<\/p>\n\n\n\n<p>O texto da publica\u00e7\u00e3o, que apresenta o candidato a orador da turma, faz cita\u00e7\u00f5es diretas da doutrina nazista.<\/p>\n\n\n\n<p>O garoto &#8220;promete ser o novo f\u00fchrer da sala nessa caminhada para a constru\u00e7\u00e3o de um novo e inovador Reich&#8221;, destaca.&nbsp;<\/p>\n\n\n\n<p>A diretora-presidente da escola Rosa Muniz, disse que assim que tomou conhecimento do caso, todos os pais e alunos envolvidos no epis\u00f3dio foram ouvidos pela coordena\u00e7\u00e3o da institui\u00e7\u00e3o de ensino.<\/p>\n\n\n\n<p>Os alunos foram suspensos at\u00e9 a pr\u00f3xima ter\u00e7a-feira (17). A diretora comunicou que na volta \u00e0 escola, eles v\u00e3o apresentar um trabalho para os demais alunos sobre o tema.<\/p>\n\n\n\n<p>&#8220;Eles precisam aprender a diferen\u00e7a entre brincadeira e coisa s\u00e9ria. N\u00e3o se brinca com isso. Aqui ajudamos a formar car\u00e1ter. A escola n\u00e3o compactua com isso e imediatadamente tomamos todas as provid\u00eancias&#8221;, disse.<\/p>\n\n\n\n<p>A diretora enviou uma nota oficial sobre o assunto. No fim, a escola pede desculpas a todas as pessoas que se sentiram ofendidas.<\/p>\n","protected":false},"excerpt":{"rendered":"<p>Um grupo de alunos com idades entre 16 e 17 anos, do col\u00e9gio particular Santa Maria, tradicional institui\u00e7\u00e3o de ensino de Recife, fizeram sauda\u00e7\u00f5es nazistas&hellip; <\/p>\n","protected":false},"author":2,"featured_media":156689,"comment_status":"closed","ping_status":"closed","sticky":false,"template":"","format":"standard","meta":{"sfsi_plus_gutenberg_text_before_share":"","sfsi_plus_gutenberg_show_text_before_share":"","sfsi_plus_gutenberg_icon_type":"","sfsi_plus_gutenberg_icon_alignemt":"","sfsi_plus_gutenburg_max_per_row":"","footnotes":""},"categories":[2],"tags":[],"class_list":["post-156688","post","type-post","status-publish","format-standard","has-post-thumbnail","hentry","category-geral"],"_links":{"self":[{"href":"https:\/\/www.caririemacao.com\/1\/wp-json\/wp\/v2\/posts\/156688","targetHints":{"allow":["GET"]}}],"collection":[{"href":"https:\/\/www.caririemacao.com\/1\/wp-json\/wp\/v2\/posts"}],"about":[{"href":"https:\/\/www.caririemacao.com\/1\/wp-json\/wp\/v2\/types\/post"}],"author":[{"embeddable":true,"href":"https:\/\/www.caririemacao.com\/1\/wp-json\/wp\/v2\/users\/2"}],"replies":[{"embeddable":true,"href":"https:\/\/www.caririemacao.com\/1\/wp-json\/wp\/v2\/comments?post=156688"}],"version-history":[{"count":1,"href":"https:\/\/www.caririemacao.com\/1\/wp-json\/wp\/v2\/posts\/156688\/revisions"}],"predecessor-version":[{"id":156690,"href":"https:\/\/www.caririemacao.com\/1\/wp-json\/wp\/v2\/posts\/156688\/revisions\/156690"}],"wp:featuredmedia":[{"embeddable":true,"href":"https:\/\/www.caririemacao.com\/1\/wp-json\/wp\/v2\/media\/156689"}],"wp:attachment":[{"href":"https:\/\/www.caririemacao.com\/1\/wp-json\/wp\/v2\/media?parent=156688"}],"wp:term":[{"taxonomy":"category","embeddable":true,"href":"https:\/\/www.caririemacao.com\/1\/wp-json\/wp\/v2\/categories?post=156688"},{"taxonomy":"post_tag","embeddable":true,"href":"https:\/\/www.caririemacao.com\/1\/wp-json\/wp\/v2\/tags?post=156688"}],"curies":[{"name":"wp","href":"https:\/\/api.w.org\/{rel}","templated":true}]}}