{"id":156700,"date":"2020-03-06T07:28:03","date_gmt":"2020-03-06T10:28:03","guid":{"rendered":"http:\/\/www.caririemacao.com\/1\/?p=156700"},"modified":"2020-03-06T07:28:05","modified_gmt":"2020-03-06T10:28:05","slug":"bolsonaro-concede-apenas-3-do-bolsa-familia-ao-nordeste","status":"publish","type":"post","link":"https:\/\/www.caririemacao.com\/1\/2020\/03\/06\/bolsonaro-concede-apenas-3-do-bolsa-familia-ao-nordeste\/","title":{"rendered":"Bolsonaro concede apenas 3% do Bolsa Fam\u00edlia ao Nordeste"},"content":{"rendered":"\n<p>O governo Jair Bolsonaro priorizou Sul e Sudeste na concess\u00e3o de novos benef\u00edcios do Bolsa Fam\u00edlia em janeiro, em detrimento da Regi\u00e3o Nordeste, que concentra 36,8% das fam\u00edlias em situa\u00e7\u00e3o de pobreza ou extrema pobreza na fila de espera do programa. Pelos dados fornecidos pelo Minist\u00e9rio da Cidadania ao Congresso e obtidos pelo Estad\u00e3o\/Broadcast, o Nordeste recebeu 3% dos novos benef\u00edcios enquanto Sul e Sudeste responderam por 75% das novas concess\u00f5es. Para se ter uma ideia, o n\u00famero de novos benef\u00edcios concedidos em Santa Catarina, que tem popula\u00e7\u00e3o oito vezes menor que o Nordeste e \u00e9 governada por Carlos Mois\u00e9s (PSL), foi o dobro do repassado \u00e0 regi\u00e3o nordestina inteira, cujos governadores s\u00e3o da oposi\u00e7\u00e3o.<\/p>\n\n\n\n<p>As informa\u00e7\u00f5es foram comparadas com os dados oficiais dispon\u00edveis na internet. A s\u00e9rie hist\u00f3rica mostra que houve um pico de novas concess\u00f5es do Bolsa Fam\u00edlia em janeiro que se refletiu em todas as regi\u00f5es, exceto o Nordeste.<\/p>\n\n\n\n<p>Nas elei\u00e7\u00f5es de 2018, a Regi\u00e3o Nordeste foi a \u00fanica que votou majoritariamente no candidato do PT, Fernando Haddad. No segundo turno, o petista teve 69,7% dos votos v\u00e1lidos, ante 30,3% de Bolsonaro. Nas demais regi\u00f5es, o atual presidente foi o vencedor. No Sul, conseguiu a maior vantagem: 68,3% ante 31,7% de Haddad.<\/p>\n\n\n\n<p>Ap\u00f3s eleito, Bolsonaro se envolveu em uma s\u00e9rie de pol\u00eamicas com o Nordeste. Na mesma \u00e9poca, o Estad\u00e3o\/Broadcast revelou que a Caixa havia reduzido o volume de novos empr\u00e9stimos para a regi\u00e3o.<\/p>\n\n\n\n<p><strong>Fator de press\u00e3o<\/strong><\/p>\n\n\n\n<p>Agora, os dados mostram que o Nordeste tem ficado para tr\u00e1s nas novas concess\u00f5es do Bolsa Fam\u00edlia, num momento em que a fila de fam\u00edlias que aguardam para ingressar no programa virou fator de press\u00e3o contra o governo. A gest\u00e3o Bolsonaro trabalha numa reformula\u00e7\u00e3o do programa.<\/p>\n\n\n\n<p>Enquanto o novo desenho n\u00e3o sai do papel, o alcance do Bolsa tem diminu\u00eddo em todo o Brasil. Entre junho e dezembro, a concess\u00e3o de novos benef\u00edcios despencou a uma m\u00e9dia de 5,6 mil por m\u00eas. Antes, passavam de 200 mil mensais.<\/p>\n\n\n\n<p>Mas o governo encontrou espa\u00e7o em janeiro para incluir no programa fam\u00edlias que estavam \u00e0 espera do benef\u00edcio. Foram 100 mil contempladas &#8211; 45,7 mil delas no Sudeste, 29,3 mil no Sul, 15 mil no Centro-Oeste e 6,6 mil no Norte. O Nordeste recebeu 3.035 novos benef\u00edcios e manteve a m\u00e9dia mais magra de meses anteriores.<\/p>\n\n\n\n<p>&#8220;Os n\u00fameros mostram um favorecimento no pagamento do benef\u00edcio aos eleitores de regi\u00f5es fi\u00e9is ao presidente Bolsonaro. Cabe aos presidentes da C\u00e2mara e do Senado pedir explica\u00e7\u00f5es para manter a efic\u00e1cia do programa&#8221;, critica o senador Renan Calheiros (MDB-AL).<\/p>\n\n\n\n<p>A distribui\u00e7\u00e3o chama a aten\u00e7\u00e3o porque \u00e9 a Regi\u00e3o Nordeste que concentra o maior n\u00famero de fam\u00edlias necessitadas e ainda desassistidas pelo programa. A regi\u00e3o tinha, em dezembro do ano passado, 939,6 mil fam\u00edlias em situa\u00e7\u00e3o de extrema pobreza (com renda familiar per capita abaixo dos R$ 89 mensais) sem acesso ao Bolsa. Em todo o Brasil, s\u00e3o 2,39 milh\u00f5es de fam\u00edlias nessa situa\u00e7\u00e3o.<\/p>\n\n\n\n<p>O Sudeste, regi\u00e3o mais atendida, tamb\u00e9m tinha volume consider\u00e1vel de fam\u00edlias em extrema pobreza ainda sem inclus\u00e3o no programa, mas em n\u00famero ainda menor que no Nordeste: 868,3 mil. J\u00e1 Regi\u00e3o Sul tinha 186,7 mil fam\u00edlias nessa condi\u00e7\u00e3o de vulnerabilidade e foi a segunda maior beneficiada.<\/p>\n\n\n\n<p>Segundo os dados de dezembro, havia ainda 1,18 milh\u00e3o de fam\u00edlias em condi\u00e7\u00e3o de pobreza (com renda familiar per capita entre R$ 89 e R$ 178 mensais) que n\u00e3o recebem aux\u00edlio do programa social. Ao todo, 3,6 milh\u00f5es de fam\u00edlias no Pa\u00eds faziam jus ao benef\u00edcio e estavam cadastradas em dezembro de 2019, mas n\u00e3o receberam nenhum valor.<\/p>\n\n\n\n<p>O professor Marcelo Neri, do Centro de Pol\u00edticas Sociais da Funda\u00e7\u00e3o Get\u00falio Vargas (FGV), afirma que a Regi\u00e3o Nordeste est\u00e1 subestimada em tr\u00eas sentidos, uma vez que re\u00fane 27% da popula\u00e7\u00e3o brasileira, tem taxa de pobreza mais elevada (22,2%, ante 11% na m\u00e9dia do Pa\u00eds) e foi uma das regi\u00f5es mais afetadas pela crise econ\u00f4mica, com queda maior na renda das fam\u00edlias.<\/p>\n\n\n\n<p>&#8220;Tem um descasamento entre a oferta do programa e a necessidade das pessoas. Se imaginar onde os pobres est\u00e3o, deveria ter 54% (de novas concess\u00f5es para o Nordeste) em vez de 3%. Isso s\u00f3 pela fotografia de pobreza&#8221;, afirma.<\/p>\n\n\n\n<p>Segundo Neri, o encolhimento do programa nos \u00faltimos anos j\u00e1 vinha representando um &#8220;ajuste em cima dos pobres&#8221;. Agora, o quadro de distribui\u00e7\u00e3o regional torna o problema maior, diz o professor. &#8220;O que est\u00e1 se vendo agora \u00e9 que, no per\u00edodo recente, a rede est\u00e1 regionalmente mais distante de onde os pobres est\u00e3o. \u00c9 um movimento que est\u00e1 na contram\u00e3o das necessidades da popula\u00e7\u00e3o&#8221;, afirma.<\/p>\n\n\n\n<p>Para o economista Pedro Fernando Nery, \u00e9 recomend\u00e1vel que o governo tenha &#8220;alguma justificativa t\u00e9cnica plaus\u00edvel&#8221; para a disparidade entre as regi\u00f5es. &#8220;Se n\u00e3o tiver, acho que passa do limite da discricionariedade pol\u00edtica e entra numa esfera perigosa de discutir a legalidade. N\u00e3o \u00e9 uma discricionariedade que nenhum gestor tem a de prejudicar uma determinada regi\u00e3o&#8221;, diz.<\/p>\n\n\n\n<p>Em nota, o Minist\u00e9rio da Cidadania diz que o processo de concess\u00e3o de benef\u00edcios \u00e9 &#8220;impessoal e realizado por meio de sistema automatizado que obedece ao teto das verbas or\u00e7ament\u00e1rias destinadas ao programa&#8221;. O \u00f3rg\u00e3o n\u00e3o explicou o porqu\u00ea da disparidade das concess\u00f5es entre as regi\u00f5es, mas afirmou que mais 185 mil fam\u00edlias em todo o Pa\u00eds passar\u00e3o a receber o benef\u00edcio em mar\u00e7o.<\/p>\n","protected":false},"excerpt":{"rendered":"<p>O governo Jair Bolsonaro priorizou Sul e Sudeste na concess\u00e3o de novos benef\u00edcios do Bolsa Fam\u00edlia em janeiro, em detrimento da Regi\u00e3o Nordeste, que concentra&hellip; <\/p>\n","protected":false},"author":2,"featured_media":156701,"comment_status":"closed","ping_status":"closed","sticky":false,"template":"","format":"standard","meta":{"sfsi_plus_gutenberg_text_before_share":"","sfsi_plus_gutenberg_show_text_before_share":"","sfsi_plus_gutenberg_icon_type":"","sfsi_plus_gutenberg_icon_alignemt":"","sfsi_plus_gutenburg_max_per_row":"","footnotes":""},"categories":[11],"tags":[],"class_list":["post-156700","post","type-post","status-publish","format-standard","has-post-thumbnail","hentry","category-politica"],"_links":{"self":[{"href":"https:\/\/www.caririemacao.com\/1\/wp-json\/wp\/v2\/posts\/156700","targetHints":{"allow":["GET"]}}],"collection":[{"href":"https:\/\/www.caririemacao.com\/1\/wp-json\/wp\/v2\/posts"}],"about":[{"href":"https:\/\/www.caririemacao.com\/1\/wp-json\/wp\/v2\/types\/post"}],"author":[{"embeddable":true,"href":"https:\/\/www.caririemacao.com\/1\/wp-json\/wp\/v2\/users\/2"}],"replies":[{"embeddable":true,"href":"https:\/\/www.caririemacao.com\/1\/wp-json\/wp\/v2\/comments?post=156700"}],"version-history":[{"count":1,"href":"https:\/\/www.caririemacao.com\/1\/wp-json\/wp\/v2\/posts\/156700\/revisions"}],"predecessor-version":[{"id":156702,"href":"https:\/\/www.caririemacao.com\/1\/wp-json\/wp\/v2\/posts\/156700\/revisions\/156702"}],"wp:featuredmedia":[{"embeddable":true,"href":"https:\/\/www.caririemacao.com\/1\/wp-json\/wp\/v2\/media\/156701"}],"wp:attachment":[{"href":"https:\/\/www.caririemacao.com\/1\/wp-json\/wp\/v2\/media?parent=156700"}],"wp:term":[{"taxonomy":"category","embeddable":true,"href":"https:\/\/www.caririemacao.com\/1\/wp-json\/wp\/v2\/categories?post=156700"},{"taxonomy":"post_tag","embeddable":true,"href":"https:\/\/www.caririemacao.com\/1\/wp-json\/wp\/v2\/tags?post=156700"}],"curies":[{"name":"wp","href":"https:\/\/api.w.org\/{rel}","templated":true}]}}