{"id":156713,"date":"2020-03-06T08:13:19","date_gmt":"2020-03-06T11:13:19","guid":{"rendered":"http:\/\/www.caririemacao.com\/1\/?p=156713"},"modified":"2020-03-06T08:13:43","modified_gmt":"2020-03-06T11:13:43","slug":"cagepa-realiza-obras-para-melhorar-abastecimento-em-cidades-do-cariri-e-tres-delas-passarao-a-receber-agua-do-acude-dos-namorados","status":"publish","type":"post","link":"https:\/\/www.caririemacao.com\/1\/2020\/03\/06\/cagepa-realiza-obras-para-melhorar-abastecimento-em-cidades-do-cariri-e-tres-delas-passarao-a-receber-agua-do-acude-dos-namorados\/","title":{"rendered":"CAGEPA realiza obras para melhorar abastecimento em cidades do Cariri e tr\u00eas delas passar\u00e3o a receber \u00e1gua do a\u00e7ude dos Namorados"},"content":{"rendered":"\n<p> A popula\u00e7\u00e3o do Cariri sofre com o desabastecimento provocado especialmente pela insufici\u00eancia e problemas t\u00e9cnicos da Adutora do Congo, sistema que distribui \u00e1gua para a maioria dos munic\u00edpios da regi\u00e3o. A CAGEPA \u00e9 ciente do problema e desde o ano passado iniciou uma s\u00e9rie de melhorias, atrav\u00e9s das quais espera devolver o regular abastecimento aos caririzeiros de v\u00e1rias cidades.<\/p>\n\n\n\n<p>Em entrevista ao Jornal do Meio Dia da Serra Branca FM, o gerente regional da Cagepa, Luc\u00edlio Vieira, deu uma resposta \u00e0s reclama\u00e7\u00f5es constantes da popula\u00e7\u00e3o de S\u00e3o Jo\u00e3o do Cariri. Luc\u00edlio confirmou que a empresa j\u00e1 providencia a aquisi\u00e7\u00e3o de uma Esta\u00e7\u00e3o de Tratamento para implantar junto ao a\u00e7ude dos Namorados e por meio deste abastecer n\u00e3o apenas a cidade M\u00e3e do Cariri, como os munic\u00edpios de Parari e Santo Andr\u00e9.<\/p>\n\n\n\n<p>Luc\u00edlio n\u00e3o deu prazo para a implanta\u00e7\u00e3o desta ETA e pediu paci\u00eancia \u00e0 popula\u00e7\u00e3o at\u00e9 que os tr\u00e2mites burocr\u00e1ticos sejam vencidos para implanta\u00e7\u00e3o do novo sistema.<\/p>\n\n\n\n<p>Em rela\u00e7\u00e3o a Serra Branca, Luc\u00edlio Vieira disse que a constru\u00e7\u00e3o da sub adutora para o bairro do Ah\u00fa foi conclu\u00edda e est\u00e1 em ajustes finais para que o sistema leve \u00e1gua at\u00e9 o bairro do Limeir\u00e3o. Luc\u00edlio ainda destacou que a troca da tubula\u00e7\u00e3o de trecho da Adutora do Congo que estoura com facilidade dever\u00e1 completar as a\u00e7\u00f5es de melhoria no abastecimento da cidade.<\/p>\n\n\n\n<p><strong>De Olho no Cariri<\/strong><\/p>\n\n\n\n<p><em>Foto: Francisco Jr.<\/em><\/p>\n","protected":false},"excerpt":{"rendered":"<p>A popula\u00e7\u00e3o do Cariri sofre com o desabastecimento provocado especialmente pela insufici\u00eancia e problemas t\u00e9cnicos da Adutora do Congo, sistema que distribui \u00e1gua para a&hellip; <\/p>\n","protected":false},"author":2,"featured_media":82817,"comment_status":"closed","ping_status":"closed","sticky":false,"template":"","format":"standard","meta":{"sfsi_plus_gutenberg_text_before_share":"","sfsi_plus_gutenberg_show_text_before_share":"","sfsi_plus_gutenberg_icon_type":"","sfsi_plus_gutenberg_icon_alignemt":"","sfsi_plus_gutenburg_max_per_row":"","footnotes":""},"categories":[2],"tags":[],"class_list":["post-156713","post","type-post","status-publish","format-standard","has-post-thumbnail","hentry","category-geral"],"_links":{"self":[{"href":"https:\/\/www.caririemacao.com\/1\/wp-json\/wp\/v2\/posts\/156713","targetHints":{"allow":["GET"]}}],"collection":[{"href":"https:\/\/www.caririemacao.com\/1\/wp-json\/wp\/v2\/posts"}],"about":[{"href":"https:\/\/www.caririemacao.com\/1\/wp-json\/wp\/v2\/types\/post"}],"author":[{"embeddable":true,"href":"https:\/\/www.caririemacao.com\/1\/wp-json\/wp\/v2\/users\/2"}],"replies":[{"embeddable":true,"href":"https:\/\/www.caririemacao.com\/1\/wp-json\/wp\/v2\/comments?post=156713"}],"version-history":[{"count":1,"href":"https:\/\/www.caririemacao.com\/1\/wp-json\/wp\/v2\/posts\/156713\/revisions"}],"predecessor-version":[{"id":156715,"href":"https:\/\/www.caririemacao.com\/1\/wp-json\/wp\/v2\/posts\/156713\/revisions\/156715"}],"wp:featuredmedia":[{"embeddable":true,"href":"https:\/\/www.caririemacao.com\/1\/wp-json\/wp\/v2\/media\/82817"}],"wp:attachment":[{"href":"https:\/\/www.caririemacao.com\/1\/wp-json\/wp\/v2\/media?parent=156713"}],"wp:term":[{"taxonomy":"category","embeddable":true,"href":"https:\/\/www.caririemacao.com\/1\/wp-json\/wp\/v2\/categories?post=156713"},{"taxonomy":"post_tag","embeddable":true,"href":"https:\/\/www.caririemacao.com\/1\/wp-json\/wp\/v2\/tags?post=156713"}],"curies":[{"name":"wp","href":"https:\/\/api.w.org\/{rel}","templated":true}]}}