{"id":156716,"date":"2020-03-06T08:14:45","date_gmt":"2020-03-06T11:14:45","guid":{"rendered":"http:\/\/www.caririemacao.com\/1\/?p=156716"},"modified":"2020-03-06T08:14:47","modified_gmt":"2020-03-06T11:14:47","slug":"corpo-de-jovem-e-encontrado-com-pernas-quebradas-as-margens-da-br-230-na-pb","status":"publish","type":"post","link":"https:\/\/www.caririemacao.com\/1\/2020\/03\/06\/corpo-de-jovem-e-encontrado-com-pernas-quebradas-as-margens-da-br-230-na-pb\/","title":{"rendered":"Corpo de jovem \u00e9 encontrado com pernas quebradas \u00e0s margens da BR-230, na PB"},"content":{"rendered":"\n<p>O corpo de uma jovem de 22 anos foi encontrado na manh\u00e3 desta quinta-feira (5) \u00e0s margens da BR-230, entre os munic\u00edpios de Soledade e Olivedos, no Agreste da Para\u00edba. Segundo informa\u00e7\u00f5es da Pol\u00edcia Civil, a mulher teve as pernas quebradas.<\/p>\n\n\n\n<p>A suspeita da Pol\u00edcia Civil \u00e9 de que o corpo seja de uma jovem que morava em Soledade e estava desaparecida h\u00e1 15 dias. A previs\u00e3o \u00e9 de que a m\u00e3e da v\u00edtima fa\u00e7a o reconhecimento dela na pr\u00f3xima sexta-feira (6), no N\u00facleo de Medicina e Odontologia Legal (Numol) de Campina Grande.<\/p>\n\n\n\n<p>Conforme o delegado Durval Barros, a pol\u00edcia acredita que a jovem tenha sido assassinada, j\u00e1 que n\u00e3o havia nenhuma marca de frenagem na rodovia.<\/p>\n\n\n\n<p>At\u00e9 as 15h20 desta quinta, nenhum suspeito foi identificado ou detido pelo crime.<\/p>\n\n\n\n<p><em>G1 PB<\/em><\/p>\n","protected":false},"excerpt":{"rendered":"<p>O corpo de uma jovem de 22 anos foi encontrado na manh\u00e3 desta quinta-feira (5) \u00e0s margens da BR-230, entre os munic\u00edpios de Soledade e&hellip; <\/p>\n","protected":false},"author":2,"featured_media":156717,"comment_status":"closed","ping_status":"closed","sticky":false,"template":"","format":"standard","meta":{"sfsi_plus_gutenberg_text_before_share":"","sfsi_plus_gutenberg_show_text_before_share":"","sfsi_plus_gutenberg_icon_type":"","sfsi_plus_gutenberg_icon_alignemt":"","sfsi_plus_gutenburg_max_per_row":"","footnotes":""},"categories":[12],"tags":[],"class_list":["post-156716","post","type-post","status-publish","format-standard","has-post-thumbnail","hentry","category-policia"],"_links":{"self":[{"href":"https:\/\/www.caririemacao.com\/1\/wp-json\/wp\/v2\/posts\/156716","targetHints":{"allow":["GET"]}}],"collection":[{"href":"https:\/\/www.caririemacao.com\/1\/wp-json\/wp\/v2\/posts"}],"about":[{"href":"https:\/\/www.caririemacao.com\/1\/wp-json\/wp\/v2\/types\/post"}],"author":[{"embeddable":true,"href":"https:\/\/www.caririemacao.com\/1\/wp-json\/wp\/v2\/users\/2"}],"replies":[{"embeddable":true,"href":"https:\/\/www.caririemacao.com\/1\/wp-json\/wp\/v2\/comments?post=156716"}],"version-history":[{"count":1,"href":"https:\/\/www.caririemacao.com\/1\/wp-json\/wp\/v2\/posts\/156716\/revisions"}],"predecessor-version":[{"id":156718,"href":"https:\/\/www.caririemacao.com\/1\/wp-json\/wp\/v2\/posts\/156716\/revisions\/156718"}],"wp:featuredmedia":[{"embeddable":true,"href":"https:\/\/www.caririemacao.com\/1\/wp-json\/wp\/v2\/media\/156717"}],"wp:attachment":[{"href":"https:\/\/www.caririemacao.com\/1\/wp-json\/wp\/v2\/media?parent=156716"}],"wp:term":[{"taxonomy":"category","embeddable":true,"href":"https:\/\/www.caririemacao.com\/1\/wp-json\/wp\/v2\/categories?post=156716"},{"taxonomy":"post_tag","embeddable":true,"href":"https:\/\/www.caririemacao.com\/1\/wp-json\/wp\/v2\/tags?post=156716"}],"curies":[{"name":"wp","href":"https:\/\/api.w.org\/{rel}","templated":true}]}}