{"id":156720,"date":"2020-03-06T08:16:11","date_gmt":"2020-03-06T11:16:11","guid":{"rendered":"http:\/\/www.caririemacao.com\/1\/?p=156720"},"modified":"2020-03-06T08:16:13","modified_gmt":"2020-03-06T11:16:13","slug":"tiro-no-pe-oposicao-assina-atestado-de-incompetencia-com-materia-sobre-abatedouro-de-monteiro","status":"publish","type":"post","link":"https:\/\/www.caririemacao.com\/1\/2020\/03\/06\/tiro-no-pe-oposicao-assina-atestado-de-incompetencia-com-materia-sobre-abatedouro-de-monteiro\/","title":{"rendered":"TIRO NO P\u00c9: Oposi\u00e7\u00e3o assina atestado de incompet\u00eancia com mat\u00e9ria sobre abatedouro de Monteiro"},"content":{"rendered":"\n<p>\u201cA assessoria de difama\u00e7\u00e3o que atua a servi\u00e7o do grupo Henrique no munic\u00edpio de Monteiro, deu mais um tiro no p\u00e9, com a veicula\u00e7\u00e3o de um v\u00eddeo, mostrando o abandono do Abatedouro de Caprinos e Ovinos e, ao mesmo tempo, tentando jogar a responsabilidade na atual gest\u00e3o municipal\u201d, declarou o secret\u00e1rio de Comunica\u00e7\u00e3o do munic\u00edpio, Fred Menezes.<\/p>\n\n\n\n<p>Ao comentar o assunto, Fred Menezes diz que no v\u00eddeo, o vereador Djaci Aleixo (Chuta) denuncia o descaso e o abandono em que se encontra o Abatedouro, visivelmente indignado com a situa\u00e7\u00e3o. S\u00f3 esqueceu de citar que ELE (Chuta) era o Secret\u00e1rio de Agricultura do Munic\u00edpio nos anos de 2009 e 2010, e foi exatamente nesse per\u00edodo que misteriosamente, houve o in\u00edcio do abandono, depreda\u00e7\u00e3o, saques, desvios e furtos de equipamentos do abatedouro, at\u00e9 chegar ao ponto em que se encontra, como foi mostrado no v\u00eddeo.<\/p>\n\n\n\n<p>O Abatedouro foi conclu\u00eddo em 2008, na gest\u00e3o do ex-governador C\u00e1ssio Cunha Lima (PSDB) e da Prefeita Lourdinha Arag\u00e3o (PMDB), que fazia oposi\u00e7\u00e3o ao governo, mas mantinha boas rela\u00e7\u00f5es institucionais, tendo inclusive conseguido a implanta\u00e7\u00e3o de um Campus da UEPB em Monteiro.<\/p>\n\n\n\n<p>Para entender melhor o processo que atesta a incompet\u00eancia dos que fazem oposi\u00e7\u00e3o hoje em Monteiro, o secret\u00e1rio de Comunica\u00e7\u00e3o fez um resumo desde o momento que a obra do abatedouro foi conclu\u00edda.<\/p>\n\n\n\n<p><strong>Agosto de 2008:<\/strong><br>Obra do Abatedouro de Caprinos e Ovinos do Cariri, instalado em Monteiro, foi conclu\u00edda. Fruto da luta da prefeita de Monteiro Lourdinha Arag\u00e3o junto ao ent\u00e3o Governador C\u00e1ssio Cunha Lima, al\u00e9m de institui\u00e7\u00f5es como o CIAGRO, SEBRAE, EMBRAPA, Pronaf, Associa\u00e7\u00e3o de Produtores e Cooperativas do Cariri.<\/p>\n\n\n\n<p><strong>Outubro de 2008: Elei\u00e7\u00f5es<\/strong><br>Ednac\u00e9 Henrique (PSDB) vence as elei\u00e7\u00f5es para Lourdinha Arag\u00e3o (PMDB).<\/p>\n\n\n\n<p><strong>Janeiro de 2009:<\/strong><br>Djaci Aleixo (Chuta), (o mesmo que faz a den\u00fancia no v\u00eddeo), \u00e9 nomeado Secret\u00e1rio de Agricultura de Monteiro, permanecendo no cargo durante 2 anos (2009\/2010).<\/p>\n\n\n\n<p><strong>Maio de 2009:<\/strong><br>Ednac\u00e9 Henrique re\u00fane prefeitos do Cariri eleitos para o mandato 2009\/2012, e extingue o Cons\u00f3rcio Intermunicipal de Agricultura \u2013 CIAGRO, e o Conselho de Desenvolvimento do Cariri Paraibano \u2013 CODECAP e cria o Cons\u00f3rcio P\u00fablico de Desenvolvimento Sustent\u00e1vel do Cariri \u2013 CODESC, assumindo a presid\u00eancia do \u00f3rg\u00e3o. O CODESC s\u00f3 existiu no papel, ficando somente na Ata de cria\u00e7\u00e3o.<\/p>\n\n\n\n<p><strong>Outubro de 2012:<\/strong><br>Ednac\u00e9 Henrique \u00e9 reeleita para o segundo mandato e o abatedouro continua sem funcionar e j\u00e1 apresenta sinais de depreda\u00e7\u00e3o e sumi\u00e7o de equipamentos.<\/p>\n\n\n\n<p><strong>Dezembro de 2013:<\/strong><br>O ent\u00e3o deputado estadual Carlos Batinga denuncia o descaso com o Abatedouro, na Assembleia Legislativa da Para\u00edba (ALPB), solicitando provid\u00eancias urgentes do Minist\u00e9rio do Desenvolvimento Agr\u00e1rio (MDA), Governo do Estado, Controladoria Geral da Uni\u00e3o (CGU), Tribunal de Contas da Uni\u00e3o (TCU), Tribunal de Contas do Estado (TCE-PB), Minist\u00e9rio P\u00fablico Federal (MPF) e Minist\u00e9rio P\u00fablico Estadual (MPPB) para que seja aberto o mais r\u00e1pido poss\u00edvel o abatedouro e frigor\u00edfico de caprinos e ovinos do munic\u00edpio de Monteiro.<\/p>\n\n\n\n<p><strong>Junho de 2018:<\/strong><br>Anna Lorena, eleita prefeita de Monteiro em 2016, abre di\u00e1logo com o Governo do Estado e inicia parcerias institucionais em todas as \u00e1reas de governo.<\/p>\n\n\n\n<p><strong>Julho de 2019:<\/strong><br>A prefeita Anna Lorena participa de reuni\u00e3o promovida pela Secretaria de Estado do Desenvolvimento da Agropecu\u00e1ria da Para\u00edba \u2013 SEDAP, para debater a recupera\u00e7\u00e3o do abatedouro de caprinos e ovinos e discutir parcerias com o setor privado para o seu funcionamento.<\/p>\n\n\n\n<p><strong>Janeiro de 2020:<br><\/strong>O Governador Jo\u00e3o Azevedo garantiu recursos no valor de R$ 25,3 milh\u00f5es a serem investidos at\u00e9 o final de 2020, na conclus\u00e3o dos quatro abatedouros constru\u00eddos em Uira\u00fana, Mari, Sol\u00e2nea e Monteiro (caprinos e ovinos).<\/p>\n\n\n\n<p><strong>Mar\u00e7o de 2020:<\/strong><br>V\u00eddeo publicado nas redes sociais denuncia abandono do Abatedouro de caprinos, como se fosse da responsabilidade da prefeita Anna Lorena, ap\u00f3s 8 anos de abandono da gest\u00e3o anterior.<br><\/p>\n","protected":false},"excerpt":{"rendered":"<p>\u201cA assessoria de difama\u00e7\u00e3o que atua a servi\u00e7o do grupo Henrique no munic\u00edpio de Monteiro, deu mais um tiro no p\u00e9, com a veicula\u00e7\u00e3o de&hellip; <\/p>\n","protected":false},"author":2,"featured_media":156721,"comment_status":"closed","ping_status":"closed","sticky":false,"template":"","format":"standard","meta":{"sfsi_plus_gutenberg_text_before_share":"","sfsi_plus_gutenberg_show_text_before_share":"","sfsi_plus_gutenberg_icon_type":"","sfsi_plus_gutenberg_icon_alignemt":"","sfsi_plus_gutenburg_max_per_row":"","footnotes":""},"categories":[2],"tags":[],"class_list":["post-156720","post","type-post","status-publish","format-standard","has-post-thumbnail","hentry","category-geral"],"_links":{"self":[{"href":"https:\/\/www.caririemacao.com\/1\/wp-json\/wp\/v2\/posts\/156720","targetHints":{"allow":["GET"]}}],"collection":[{"href":"https:\/\/www.caririemacao.com\/1\/wp-json\/wp\/v2\/posts"}],"about":[{"href":"https:\/\/www.caririemacao.com\/1\/wp-json\/wp\/v2\/types\/post"}],"author":[{"embeddable":true,"href":"https:\/\/www.caririemacao.com\/1\/wp-json\/wp\/v2\/users\/2"}],"replies":[{"embeddable":true,"href":"https:\/\/www.caririemacao.com\/1\/wp-json\/wp\/v2\/comments?post=156720"}],"version-history":[{"count":1,"href":"https:\/\/www.caririemacao.com\/1\/wp-json\/wp\/v2\/posts\/156720\/revisions"}],"predecessor-version":[{"id":156722,"href":"https:\/\/www.caririemacao.com\/1\/wp-json\/wp\/v2\/posts\/156720\/revisions\/156722"}],"wp:featuredmedia":[{"embeddable":true,"href":"https:\/\/www.caririemacao.com\/1\/wp-json\/wp\/v2\/media\/156721"}],"wp:attachment":[{"href":"https:\/\/www.caririemacao.com\/1\/wp-json\/wp\/v2\/media?parent=156720"}],"wp:term":[{"taxonomy":"category","embeddable":true,"href":"https:\/\/www.caririemacao.com\/1\/wp-json\/wp\/v2\/categories?post=156720"},{"taxonomy":"post_tag","embeddable":true,"href":"https:\/\/www.caririemacao.com\/1\/wp-json\/wp\/v2\/tags?post=156720"}],"curies":[{"name":"wp","href":"https:\/\/api.w.org\/{rel}","templated":true}]}}