{"id":156723,"date":"2020-03-06T08:20:07","date_gmt":"2020-03-06T11:20:07","guid":{"rendered":"http:\/\/www.caririemacao.com\/1\/?p=156723"},"modified":"2020-03-06T08:20:09","modified_gmt":"2020-03-06T11:20:09","slug":"unidade-de-saude-realizara-campanha-de-peso-e-altura-para-criancas-de-monteiro","status":"publish","type":"post","link":"https:\/\/www.caririemacao.com\/1\/2020\/03\/06\/unidade-de-saude-realizara-campanha-de-peso-e-altura-para-criancas-de-monteiro\/","title":{"rendered":"Unidade de Sa\u00fade realizar\u00e1 campanha de peso e altura para crian\u00e7as de Monteiro"},"content":{"rendered":"\n<p>\u00a0A equipe da Unidade B\u00e1sica de Sa\u00fade \u2013 UBS 08, localizado no bairro do Alto S\u00e3o do Vicente, em Monteiro, estar\u00e1 iniciando a partir da pr\u00f3xima segunda-feira (09), a campanha de peso e altura das crian\u00e7as que s\u00e3o atendidas por aquela unidade de sa\u00fade, com o objetivo de manter o cadastro e a avalia\u00e7\u00e3o das informa\u00e7\u00f5es \u00a0em dia, proporcionando uma melhor qualidade no acompanhamento das crian\u00e7as daquele bairro.<\/p>\n\n\n\n<p>A campanha acontece entre os dias 09 e 13 de mar\u00e7o, sendo realizado a verifica\u00e7\u00e3o do peso e altura na unidade de sa\u00fade do bairro j\u00e1 mencionado, a partir das 08:00 horas, com atendimento no hor\u00e1rio da manh\u00e3 e tarde, para fam\u00edlias que s\u00e3o beneficiadas pelo Programa Bolsa Fam\u00edlia e que s\u00e3o atendidas por aquela unidade.<\/p>\n\n\n\n<p>Para o atendimento \u00e9 necess\u00e1rio que os pais ou respons\u00e1veis das crian\u00e7as levem os seguintes documentos: Cart\u00e3o do Bolsa Fam\u00edlia, Cart\u00e3o do SUS, Cart\u00e3o de Gestante, Cart\u00e3o de Vacina para menores de 5 anos.<\/p>\n\n\n\n<p>A prefeita Anna Lorena falou da import\u00e2ncia dessa a\u00e7\u00e3o, onde o &nbsp;munic\u00edpio est\u00e1 sempre atento e acompanhando de perto a sa\u00fade das crian\u00e7as, e disse que, esse \u00e9 s\u00f3 um dos cuidados que a gest\u00e3o tem pelas crian\u00e7as monteirense e que o objetivo maior, \u00e9 estar sempre &nbsp;proporcionando o melhor para elas.<\/p>\n\n\n\n<p>\u201cEssa \u00e9 uma a\u00e7\u00e3o muito importante, principalmente porque atende as nossas crian\u00e7as, com um acompanhamento feito de perto pelos nossos profissionais, proporcionando uma avalia\u00e7\u00e3o e um cuidado, dando qualidade de vidas para elas. Esse \u00e9 o nosso objetivo, fazer uma sa\u00fade cada vez melhor.\u201d Disse Anna Lorena \u2013 Prefeita de Monteiro<\/p>\n","protected":false},"excerpt":{"rendered":"<p>\u00a0A equipe da Unidade B\u00e1sica de Sa\u00fade \u2013 UBS 08, localizado no bairro do Alto S\u00e3o do Vicente, em Monteiro, estar\u00e1 iniciando a partir da&hellip; <\/p>\n","protected":false},"author":2,"featured_media":156724,"comment_status":"closed","ping_status":"closed","sticky":false,"template":"","format":"standard","meta":{"sfsi_plus_gutenberg_text_before_share":"","sfsi_plus_gutenberg_show_text_before_share":"","sfsi_plus_gutenberg_icon_type":"","sfsi_plus_gutenberg_icon_alignemt":"","sfsi_plus_gutenburg_max_per_row":"","footnotes":""},"categories":[16],"tags":[],"class_list":["post-156723","post","type-post","status-publish","format-standard","has-post-thumbnail","hentry","category-saude"],"_links":{"self":[{"href":"https:\/\/www.caririemacao.com\/1\/wp-json\/wp\/v2\/posts\/156723","targetHints":{"allow":["GET"]}}],"collection":[{"href":"https:\/\/www.caririemacao.com\/1\/wp-json\/wp\/v2\/posts"}],"about":[{"href":"https:\/\/www.caririemacao.com\/1\/wp-json\/wp\/v2\/types\/post"}],"author":[{"embeddable":true,"href":"https:\/\/www.caririemacao.com\/1\/wp-json\/wp\/v2\/users\/2"}],"replies":[{"embeddable":true,"href":"https:\/\/www.caririemacao.com\/1\/wp-json\/wp\/v2\/comments?post=156723"}],"version-history":[{"count":1,"href":"https:\/\/www.caririemacao.com\/1\/wp-json\/wp\/v2\/posts\/156723\/revisions"}],"predecessor-version":[{"id":156725,"href":"https:\/\/www.caririemacao.com\/1\/wp-json\/wp\/v2\/posts\/156723\/revisions\/156725"}],"wp:featuredmedia":[{"embeddable":true,"href":"https:\/\/www.caririemacao.com\/1\/wp-json\/wp\/v2\/media\/156724"}],"wp:attachment":[{"href":"https:\/\/www.caririemacao.com\/1\/wp-json\/wp\/v2\/media?parent=156723"}],"wp:term":[{"taxonomy":"category","embeddable":true,"href":"https:\/\/www.caririemacao.com\/1\/wp-json\/wp\/v2\/categories?post=156723"},{"taxonomy":"post_tag","embeddable":true,"href":"https:\/\/www.caririemacao.com\/1\/wp-json\/wp\/v2\/tags?post=156723"}],"curies":[{"name":"wp","href":"https:\/\/api.w.org\/{rel}","templated":true}]}}