{"id":156730,"date":"2020-03-06T09:21:55","date_gmt":"2020-03-06T12:21:55","guid":{"rendered":"http:\/\/www.caririemacao.com\/1\/?p=156730"},"modified":"2020-03-06T09:21:57","modified_gmt":"2020-03-06T12:21:57","slug":"em-brasilia-anna-lorena-participa-de-encontro-e-assina-pacto-de-prefeitos-pelo-clima-e-energia","status":"publish","type":"post","link":"https:\/\/www.caririemacao.com\/1\/2020\/03\/06\/em-brasilia-anna-lorena-participa-de-encontro-e-assina-pacto-de-prefeitos-pelo-clima-e-energia\/","title":{"rendered":"Em Bras\u00edlia, Anna Lorena participa de encontro e assina Pacto de Prefeitos pelo Clima e Energia"},"content":{"rendered":"\n<figure><iframe width=\"100%\" height=\"50\" data-src=\"https:\/\/audio.audima.co\/iframe-thin-local.html?skin=thin&amp;statistic=false\" src=\"data:image\/svg+xml;base64,PHN2ZyB3aWR0aD0iMSIgaGVpZ2h0PSIxIiB4bWxucz0iaHR0cDovL3d3dy53My5vcmcvMjAwMC9zdmciPjwvc3ZnPg==\" class=\"lazyload\" data-load-mode=\"1\"><\/iframe><\/figure>\n\n\n\n<figure><iframe width=\"320\" height=\"50\"><\/iframe><\/figure>\n\n\n\n<p>A prefeita Anna Lorena cumpriu extensa agenda em Bras\u00edlia participando do Encontro: A Lideran\u00e7a Pol\u00edtica Feminina na Constru\u00e7\u00e3o de Cidades Mais Humanas, Democr\u00e1ticas e Sustent\u00e1veis e tamb\u00e9m do Workshop: Prefeitas Brasileiras na Vanguarda da A\u00e7\u00e3o Clim\u00e1tica.<\/p>\n\n\n\n<p>O evento teve in\u00edcio na ter\u00e7a-feira, 03 e encerra-se nesta quinta-feira, 05.<\/p>\n\n\n\n<p>O evento se prop\u00f5e a levar a reflex\u00e3o sobre o atual momento em que pode-se observar claramente a for\u00e7a e consequ\u00eancia dos fen\u00f4menos da natureza. Neste sentido a prefeita Anna Lorena reuniu-se com prefeitas de capitais e do interior para firmar compromisso com pol\u00edticas p\u00fablicas sustent\u00e1veis.<\/p>\n\n\n\n<p>Na quarta-feira (04), estiveram presentes no evento representantes da Embaixada da Uni\u00e3o Europ\u00e9ia no Brasil, Instituto Clima e Sociedade, Funda\u00e7\u00e3o Avina, al\u00e9m de organiza\u00e7\u00f5es de fomento como o Banco Interamericano de Desenvolvimento (BID) e o Banco de Desenvolvimento da Am\u00e9rica Latina (CAF) e um encontro sobre mudan\u00e7as clim\u00e1ticas, intitulado \u201cPrefeitas Brasileiras na Vanguarda da A\u00e7\u00e3o Clim\u00e1tica\u201d.<\/p>\n\n\n\n<p>A ocasi\u00e3o marcou a primeira ades\u00e3o coletiva de prefeitas ao Pacto Global de Prefeitos para o Clima e a Energia no pa\u00eds.O Pacto Global de Prefeitos pelo Clima e Energia \u00e9 a maior alian\u00e7a global de cidades e governos locais voluntariamente comprometidos com a luta contra as mudan\u00e7as clim\u00e1ticas, com a redu\u00e7\u00e3o de seus impactos inevit\u00e1veis e a facilita\u00e7\u00e3o do acesso de todos \u00e0 energia sustent\u00e1vel.Os temas debatidos foram: a capacita\u00e7\u00e3o dos munic\u00edpios participantes no desenvolvimento de seus invent\u00e1rios de emiss\u00f5es de gases de efeito estufa, a presta\u00e7\u00e3o de apoio t\u00e9cnico na implementa\u00e7\u00e3o de um projeto piloto de energia e a promo\u00e7\u00e3o do interc\u00e2mbio de boas pr\u00e1ticas em rela\u00e7\u00e3o ao clima e \u00e0s energias sustent\u00e1veis.O objetivo do encontro \u00e9 capacitar os munic\u00edpios participantes no desenvolvimento de seus invent\u00e1rios de emiss\u00f5es de gases de efeito estufa, prestando apoio t\u00e9cnico na implementa\u00e7\u00e3o de um projeto piloto de energia e promovendo o interc\u00e2mbio de boas pr\u00e1ticas em rela\u00e7\u00e3o ao clima e energias sustent\u00e1veis.\u201cAs prefeitas participantes demonstram grande lideran\u00e7a e comprometimento na busca de solu\u00e7\u00f5es sustent\u00e1veis para suas cidades. Reuni\u00f5es como esta do ICLEL e Instituto Alziras buscam refor\u00e7ar e acompanhar seu trabalho para tornar seus territ\u00f3rios espa\u00e7os de vida saud\u00e1veis para seus cidad\u00e3os\u201d, disse o diretor do programa da IUC-ALC, Claudio Acioly Jr.\u201cO Pacto tem a ambi\u00e7\u00e3o de ajudar e facilitar as cidades a come\u00e7arem a ter controle das emiss\u00f5es de carbono. Temos que partir para uma estrat\u00e9gia e formular a\u00e7\u00f5es de mitiga\u00e7\u00e3o e de adapta\u00e7\u00e3o. E temos que criar um processo para empoderar as prefeitas que aderiram ao Pacto e trazer para nossa agenda a quest\u00e3o da igualdade de g\u00eanero\u201d, complementa.O embaixador da Uni\u00e3o Europeia no Brasil, Ign\u00e1cio Yb\u00e1\u00f1ez, destacou o papel do bloco na equidade de g\u00eanero ao abordar o plano de a\u00e7\u00e3o da Uni\u00e3o Europeia. \u201cA UE reconhece a resili\u00eancia das mulheres para o enfrentamento \u00e0s mudan\u00e7as clim\u00e1ticas como crucial e acredita que elas devem ser apoiadas como agentes ambientais. Estamos enfrentando esses desafios com pol\u00edticas efetivas dentro e fora da Uni\u00e3o Europeia gra\u00e7as \u00e0s coopera\u00e7\u00f5es com parceiros internacionais. As prefeitas presentes no evento ser\u00e3o as embaixadoras do clima no pa\u00eds\u201d, afirmou.Saiba quais s\u00e3o as prefeitas que assinaram o Pacto de Prefeitos pelo Clima e Energia:<br>1) Anna Lorena, Prefeita de Monteiro \u2013 PB<br>2) Camille Vasconcelos, Prefeita de Vigia de Nazar\u00e9 \u2013 PA<br>3) Cinthia Ribeiro, Prefeita de Palmas -TO<br>4) Daniela de C\u00e1ssia, Prefeita de Monteiro Lobato \u2013 SP<br>5) D\u00e9bora Almeida, Prefeita de S\u00e3o Bento do Una \u2013 PE<br>6) F\u00e1tima Pacheco, Prefeita de Quissam\u00e3 \u2013 RJ<br>7) Fernanda Hassem, Prefeita de Brasil\u00e9ia -AC)<br>8)Jaqueline Coutinho (Prefeita de Sorocaba \u2013 SP<br>9)Karla Batista, Prefeita de Vila Nova dos Mart\u00edrios \u2013 MA<br>10) M\u00e1rcia Lucena, Prefeita do Conde \u2013 PB.<br>11) Selma Bastos, Prefeita de Goi\u00e1s \u2013 GO \u2013<br>12) Sisi Blind, Prefeita de S\u00e3o Crist\u00f3v\u00e3o do Sul \u2013 SC<br>13) T\u00e2nia Terezinha, Prefeita de Dois Irm\u00e3os \u2013 RSASCOM<\/p>\n\n\n\n<div class=\"wp-block-image\"><figure class=\"aligncenter\"><img decoding=\"async\" data-src=\"http:\/\/hora1pb.com.br\/wp-content\/uploads\/2020\/03\/0C263238-19DC-4206-B788-02A4D33127DD-300x200.jpeg\" alt=\"\" class=\"wp-image-17754 lazyload\" src=\"data:image\/svg+xml;base64,PHN2ZyB3aWR0aD0iMSIgaGVpZ2h0PSIxIiB4bWxucz0iaHR0cDovL3d3dy53My5vcmcvMjAwMC9zdmciPjwvc3ZnPg==\" style=\"--smush-placeholder-width: 300px; --smush-placeholder-aspect-ratio: 300\/200;\" \/><\/figure><\/div>\n\n\n\n<p><a href=\"http:\/\/hora1pb.com.br\/#facebook\" rel=\"noreferrer noopener\" target=\"_blank\"><br><\/a><\/p>\n","protected":false},"excerpt":{"rendered":"<p>A prefeita Anna Lorena cumpriu extensa agenda em Bras\u00edlia participando do Encontro: A Lideran\u00e7a Pol\u00edtica Feminina na Constru\u00e7\u00e3o de Cidades Mais Humanas, Democr\u00e1ticas e Sustent\u00e1veis&hellip; <\/p>\n","protected":false},"author":2,"featured_media":17531,"comment_status":"closed","ping_status":"closed","sticky":false,"template":"","format":"standard","meta":{"sfsi_plus_gutenberg_text_before_share":"","sfsi_plus_gutenberg_show_text_before_share":"","sfsi_plus_gutenberg_icon_type":"","sfsi_plus_gutenberg_icon_alignemt":"","sfsi_plus_gutenburg_max_per_row":"","footnotes":""},"categories":[11],"tags":[],"class_list":["post-156730","post","type-post","status-publish","format-standard","has-post-thumbnail","hentry","category-politica"],"_links":{"self":[{"href":"https:\/\/www.caririemacao.com\/1\/wp-json\/wp\/v2\/posts\/156730","targetHints":{"allow":["GET"]}}],"collection":[{"href":"https:\/\/www.caririemacao.com\/1\/wp-json\/wp\/v2\/posts"}],"about":[{"href":"https:\/\/www.caririemacao.com\/1\/wp-json\/wp\/v2\/types\/post"}],"author":[{"embeddable":true,"href":"https:\/\/www.caririemacao.com\/1\/wp-json\/wp\/v2\/users\/2"}],"replies":[{"embeddable":true,"href":"https:\/\/www.caririemacao.com\/1\/wp-json\/wp\/v2\/comments?post=156730"}],"version-history":[{"count":1,"href":"https:\/\/www.caririemacao.com\/1\/wp-json\/wp\/v2\/posts\/156730\/revisions"}],"predecessor-version":[{"id":156732,"href":"https:\/\/www.caririemacao.com\/1\/wp-json\/wp\/v2\/posts\/156730\/revisions\/156732"}],"wp:featuredmedia":[{"embeddable":true,"href":"https:\/\/www.caririemacao.com\/1\/wp-json\/wp\/v2\/media\/17531"}],"wp:attachment":[{"href":"https:\/\/www.caririemacao.com\/1\/wp-json\/wp\/v2\/media?parent=156730"}],"wp:term":[{"taxonomy":"category","embeddable":true,"href":"https:\/\/www.caririemacao.com\/1\/wp-json\/wp\/v2\/categories?post=156730"},{"taxonomy":"post_tag","embeddable":true,"href":"https:\/\/www.caririemacao.com\/1\/wp-json\/wp\/v2\/tags?post=156730"}],"curies":[{"name":"wp","href":"https:\/\/api.w.org\/{rel}","templated":true}]}}