{"id":156734,"date":"2020-03-06T09:24:22","date_gmt":"2020-03-06T12:24:22","guid":{"rendered":"http:\/\/www.caririemacao.com\/1\/?p=156734"},"modified":"2020-03-06T09:24:57","modified_gmt":"2020-03-06T12:24:57","slug":"monteiro-se-torna-pioneira-no-estado-e-oferece-atendimento-odontologico-na-upa-24-horas","status":"publish","type":"post","link":"https:\/\/www.caririemacao.com\/1\/2020\/03\/06\/monteiro-se-torna-pioneira-no-estado-e-oferece-atendimento-odontologico-na-upa-24-horas\/","title":{"rendered":"Monteiro se torna pioneira no estado e oferece atendimento odontol\u00f3gico na UPA-24 Horas"},"content":{"rendered":"\n\n\n\n\n<p>Com o intuito de ampliar o alcance do atendimento odontol\u00f3gico do munic\u00edpio de Monteiro, e ainda oferecer uma op\u00e7\u00e3o de hor\u00e1rio flex\u00edvel para as pessoas que trabalham durante todo o dia, a Prefeitura Municipal de Monteiro, atrav\u00e9s da Secretaria de Sa\u00fade, est\u00e1 oferecendo uma nova demanda de atendimentos odontol\u00f3gicos noturnos na UPA 24 horas.<\/p>\n\n\n\n<p>A a\u00e7\u00e3o \u00e9 pioneira no estado e foi possibilitada gra\u00e7as ao empenho da gest\u00e3o municipal, e por determina\u00e7\u00e3o da prefeita Anna Lorena que n\u00e3o mediu esfor\u00e7os para viabilizar a aquisi\u00e7\u00e3o de uma nova e moderna cadeira odontol\u00f3gica e outros materiais de consult\u00f3rio que s\u00e3o necess\u00e1rios para um completo atendimento \u00e0 popula\u00e7\u00e3o no hor\u00e1rio da noite.<\/p>\n\n\n\n<div class=\"wp-block-image\"><figure class=\"alignleft\"><img decoding=\"async\" data-src=\"https:\/\/i0.wp.com\/www.vitrinedocariri.com.br\/wp-content\/uploads\/2020\/03\/Sa%C3%BAde-de-Monteiro-se-torna-pioneira-no-estado-e-oferece-atendimento-odontol%C3%B3gico-na-UPA-24-Horas-red-3.jpeg?resize=225%2C300&amp;ssl=1\" alt=\"\" class=\"wp-image-65544 lazyload\" src=\"data:image\/svg+xml;base64,PHN2ZyB3aWR0aD0iMSIgaGVpZ2h0PSIxIiB4bWxucz0iaHR0cDovL3d3dy53My5vcmcvMjAwMC9zdmciPjwvc3ZnPg==\" \/><\/figure><\/div>\n\n\n\n<p>Os atendimentos s\u00e3o realizados pelo odont\u00f3logo Dr. Jo\u00e3o Henrique Medeiros, tr\u00eas vezes por semana, \u00e0s segundas, ter\u00e7as e quartas-feiras, sempre \u00e0 partir das 19 horas.<\/p>\n\n\n\n<p>Diariamente ser\u00e3o disponibilizadas 12 fichas e mais as demandas de urg\u00eancia que venham a surgir.<\/p>\n\n\n\n<p>Segundo o Dr. Jo\u00e3o Henrique Medeiros, o esfor\u00e7o feito pela atual gest\u00e3o para o oferecimento deste atendimento, posiciona o munic\u00edpio de Monteiro como pioneiro em todo o estado da Para\u00edba, tendo em vista que nem mesmo grandes centros, como Patos, Campina Grande ou Jo\u00e3o Pessoa n\u00e3o disp\u00f5e deste tipo de demanda em uma UPA.<\/p>\n","protected":false},"excerpt":{"rendered":"<p>Com o intuito de ampliar o alcance do atendimento odontol\u00f3gico do munic\u00edpio de Monteiro, e ainda oferecer uma op\u00e7\u00e3o de hor\u00e1rio flex\u00edvel para as pessoas&hellip; <\/p>\n","protected":false},"author":2,"featured_media":156736,"comment_status":"closed","ping_status":"closed","sticky":false,"template":"","format":"standard","meta":{"sfsi_plus_gutenberg_text_before_share":"","sfsi_plus_gutenberg_show_text_before_share":"","sfsi_plus_gutenberg_icon_type":"","sfsi_plus_gutenberg_icon_alignemt":"","sfsi_plus_gutenburg_max_per_row":"","footnotes":""},"categories":[2],"tags":[],"class_list":["post-156734","post","type-post","status-publish","format-standard","has-post-thumbnail","hentry","category-geral"],"_links":{"self":[{"href":"https:\/\/www.caririemacao.com\/1\/wp-json\/wp\/v2\/posts\/156734","targetHints":{"allow":["GET"]}}],"collection":[{"href":"https:\/\/www.caririemacao.com\/1\/wp-json\/wp\/v2\/posts"}],"about":[{"href":"https:\/\/www.caririemacao.com\/1\/wp-json\/wp\/v2\/types\/post"}],"author":[{"embeddable":true,"href":"https:\/\/www.caririemacao.com\/1\/wp-json\/wp\/v2\/users\/2"}],"replies":[{"embeddable":true,"href":"https:\/\/www.caririemacao.com\/1\/wp-json\/wp\/v2\/comments?post=156734"}],"version-history":[{"count":1,"href":"https:\/\/www.caririemacao.com\/1\/wp-json\/wp\/v2\/posts\/156734\/revisions"}],"predecessor-version":[{"id":156735,"href":"https:\/\/www.caririemacao.com\/1\/wp-json\/wp\/v2\/posts\/156734\/revisions\/156735"}],"wp:featuredmedia":[{"embeddable":true,"href":"https:\/\/www.caririemacao.com\/1\/wp-json\/wp\/v2\/media\/156736"}],"wp:attachment":[{"href":"https:\/\/www.caririemacao.com\/1\/wp-json\/wp\/v2\/media?parent=156734"}],"wp:term":[{"taxonomy":"category","embeddable":true,"href":"https:\/\/www.caririemacao.com\/1\/wp-json\/wp\/v2\/categories?post=156734"},{"taxonomy":"post_tag","embeddable":true,"href":"https:\/\/www.caririemacao.com\/1\/wp-json\/wp\/v2\/tags?post=156734"}],"curies":[{"name":"wp","href":"https:\/\/api.w.org\/{rel}","templated":true}]}}