{"id":156737,"date":"2020-03-06T09:28:13","date_gmt":"2020-03-06T12:28:13","guid":{"rendered":"http:\/\/www.caririemacao.com\/1\/?p=156737"},"modified":"2020-03-06T09:28:14","modified_gmt":"2020-03-06T12:28:14","slug":"relacao-dos-candidatos-aptos-a-entrevista-pss-professor-de-educacao-fisica-2","status":"publish","type":"post","link":"https:\/\/www.caririemacao.com\/1\/2020\/03\/06\/relacao-dos-candidatos-aptos-a-entrevista-pss-professor-de-educacao-fisica-2\/","title":{"rendered":"Rela\u00e7\u00e3o dos candidatos aptos \u00e0 entrevista PSS Professor de Educa\u00e7\u00e3o F\u00edsica"},"content":{"rendered":"\n<p><strong>LISTA DE CANDIDATOS APTOS PARA 2\u00ba ETAPA \u2013 ENTREVISTA<\/strong><\/p>\n\n\n\n<p><strong>PROCESSO SELETIVO SIMPLIFICADO N\u00ba 02\/2020<\/strong><\/p>\n\n\n\n<p><strong>COMISS\u00c3O DE FISCALIZA\u00c7\u00c3O E ACOMPANHAMENTO<\/strong><\/p>\n\n\n\n<p><strong>PORTARIA N\u00ba<\/strong>&nbsp;<strong>6.063\/2020<\/strong><\/p>\n\n\n\n<p>A Presidente da Comiss\u00e3o de Fiscaliza\u00e7\u00e3o e Acompanhamento do Processo Seletivo P\u00fablico, institu\u00edda pela<strong>&nbsp;Portaria n\u00ba 6.063\/2020&nbsp;<\/strong>do<strong>&nbsp;PROCESSO SELETIVO SIMPLIFICADO 02\/2020<\/strong>, com vistas \u00e0 sele\u00e7\u00e3o de&nbsp;<strong>01 (Um) Professor&nbsp;<\/strong>do Ensino Fundamental II, habilita\u00e7\u00e3o&nbsp;<strong>Educa\u00e7\u00e3o F\u00edsica,&nbsp;<\/strong>e Cadastro de Reserva, para contrata\u00e7\u00e3o por tempo determinado, em car\u00e1ter excepcional de interesse p\u00fablico, a fim de prestar servi\u00e7o nas Unidades Municipais de Ensino de Sum\u00e9 \u2013 PB, e pelas disposi\u00e7\u00f5es regulamentares contidas no presente Edital e seus anexos, publica&nbsp;<strong>A LISTA DE CANDIDATOS APTOS PARA ENTREVISTA,&nbsp;<\/strong>de acordo com os itens 5.4, al\u00ednea a e Anexo I do edital. Os candidatos devem comparecer, impreterivelmente, na Secretaria Municipal de Educa\u00e7\u00e3o no dia &nbsp;<strong>03\/03\/2020 das 08h \u00e0s 08h30min. para a entrevista, seguindo por ordem de chegada<\/strong>. O candidato que n\u00e3o comparecer ser\u00e1 desclassificado automaticamente.<\/p>\n\n\n\n<figure class=\"wp-block-table\"><table class=\"\"><tbody><tr><td><strong>PROFESSOR DE EDUCA\u00c7\u00c3O F\u00cdSICA<\/strong><\/td><td><strong>SITUA\u00c7\u00c3O:<\/strong><\/td><td>&nbsp;<\/td><\/tr><tr><td><strong>INSCRI\u00c7\u00c3O<\/strong><\/td><td><strong>NOME DOS CANDIDATOS<\/strong><\/td><td><strong>DEFERIDA<\/strong><\/td><\/tr><tr><td>002<\/td><td>WILHO SILVA ARA\u00daJO<\/td><td><strong>X<\/strong><\/td><\/tr><tr><td>003<\/td><td>DAYSLAN BRENO BRITO DE ANDRADE<\/td><td><strong>X<\/strong><\/td><\/tr><tr><td>005<\/td><td>SERGIO RICARDO MIRANDA DE SOUZA<\/td><td><strong>X<\/strong><\/td><\/tr><tr><td><strong>INSCRI\u00c7\u00c3O<\/strong><\/td><td><strong>NOME DOS CANDIDATOS<\/strong><\/td><td><strong>SITUA\u00c7\u00c3O: INDEFERIDA<\/strong><\/td><\/tr><tr><td>001<\/td><td>GRACE KELLY DE ASSIS SILVA<\/td><td><strong>X<\/strong><\/td><\/tr><tr><td>004<\/td><td>GUTEMBERGUE ALEIXO RODRIGUES<\/td><td><strong>X<\/strong><\/td><\/tr><\/tbody><\/table><\/figure>\n\n\n\n<p>** Os candidatos com situa\u00e7\u00e3o&nbsp;<strong>INDEFERIDO,&nbsp;<\/strong>n\u00e3o atenderam os crit\u00e9rios exigidos de acordo com o&nbsp;<strong>item 5.4 al\u00ednea a e Anexo I&nbsp;<\/strong>do edital.<\/p>\n\n\n\n<p>Sum\u00e9\/PB, &nbsp;04 de mar\u00e7o de 2020<\/p>\n\n\n\n<p>Maria do Socorro Sousa Sarmento<\/p>\n\n\n\n<p>Presidente da Comiss\u00e3o<\/p>\n","protected":false},"excerpt":{"rendered":"<p>LISTA DE CANDIDATOS APTOS PARA 2\u00ba ETAPA \u2013 ENTREVISTA PROCESSO SELETIVO SIMPLIFICADO N\u00ba 02\/2020 COMISS\u00c3O DE FISCALIZA\u00c7\u00c3O E ACOMPANHAMENTO PORTARIA N\u00ba&nbsp;6.063\/2020 A Presidente da Comiss\u00e3o&hellip; <\/p>\n","protected":false},"author":2,"featured_media":151011,"comment_status":"closed","ping_status":"closed","sticky":false,"template":"","format":"standard","meta":{"sfsi_plus_gutenberg_text_before_share":"","sfsi_plus_gutenberg_show_text_before_share":"","sfsi_plus_gutenberg_icon_type":"","sfsi_plus_gutenberg_icon_alignemt":"","sfsi_plus_gutenburg_max_per_row":"","footnotes":""},"categories":[2],"tags":[],"class_list":["post-156737","post","type-post","status-publish","format-standard","has-post-thumbnail","hentry","category-geral"],"_links":{"self":[{"href":"https:\/\/www.caririemacao.com\/1\/wp-json\/wp\/v2\/posts\/156737","targetHints":{"allow":["GET"]}}],"collection":[{"href":"https:\/\/www.caririemacao.com\/1\/wp-json\/wp\/v2\/posts"}],"about":[{"href":"https:\/\/www.caririemacao.com\/1\/wp-json\/wp\/v2\/types\/post"}],"author":[{"embeddable":true,"href":"https:\/\/www.caririemacao.com\/1\/wp-json\/wp\/v2\/users\/2"}],"replies":[{"embeddable":true,"href":"https:\/\/www.caririemacao.com\/1\/wp-json\/wp\/v2\/comments?post=156737"}],"version-history":[{"count":1,"href":"https:\/\/www.caririemacao.com\/1\/wp-json\/wp\/v2\/posts\/156737\/revisions"}],"predecessor-version":[{"id":156738,"href":"https:\/\/www.caririemacao.com\/1\/wp-json\/wp\/v2\/posts\/156737\/revisions\/156738"}],"wp:featuredmedia":[{"embeddable":true,"href":"https:\/\/www.caririemacao.com\/1\/wp-json\/wp\/v2\/media\/151011"}],"wp:attachment":[{"href":"https:\/\/www.caririemacao.com\/1\/wp-json\/wp\/v2\/media?parent=156737"}],"wp:term":[{"taxonomy":"category","embeddable":true,"href":"https:\/\/www.caririemacao.com\/1\/wp-json\/wp\/v2\/categories?post=156737"},{"taxonomy":"post_tag","embeddable":true,"href":"https:\/\/www.caririemacao.com\/1\/wp-json\/wp\/v2\/tags?post=156737"}],"curies":[{"name":"wp","href":"https:\/\/api.w.org\/{rel}","templated":true}]}}