{"id":156739,"date":"2020-03-06T09:39:42","date_gmt":"2020-03-06T12:39:42","guid":{"rendered":"http:\/\/www.caririemacao.com\/1\/?p=156739"},"modified":"2020-03-06T09:39:43","modified_gmt":"2020-03-06T12:39:43","slug":"prazo-para-pagamento-do-iptu-e-tcr-com-desconto-de-15-termina-nesta-sexta-feira","status":"publish","type":"post","link":"https:\/\/www.caririemacao.com\/1\/2020\/03\/06\/prazo-para-pagamento-do-iptu-e-tcr-com-desconto-de-15-termina-nesta-sexta-feira\/","title":{"rendered":"Prazo para pagamento do IPTU e TCR com desconto de 15% termina nesta sexta-feira"},"content":{"rendered":"\n<p>Os contribuintes de Jo\u00e3o Pessoa t\u00eam at\u00e9 esta sexta-feira (6) para pagar a cota \u00fanica com 15% de desconto do Imposto Predial e Territorial Urbano (IPTU) e da Taxa de Coleta de Res\u00edduos (TCR). Para quem optou pelo parcelamento, a data tamb\u00e9m \u00e9 o prazo limite para quitar a primeira parcela dos dois tributos. J\u00e1 para quem escolheu pagamento em cota \u00fanica sem desconto, o pagamento pode ser feito at\u00e9 dia 6 de abril.<\/p>\n\n\n\n<p>De acordo com o secret\u00e1rio da Receita Municipal (Serem), Max Bichara, para o exerc\u00edcio de 2020, o IPTU e a TCR foram atualizados em 3,27%, conforme o \u00cdndice Nacional de Pre\u00e7os ao Consumidor Amplo Especial (IPCA).<\/p>\n\n\n\n<p>\u201cEsse desconto \u00e9 bastante expressivo, diante de um per\u00edodo de infla\u00e7\u00e3o relativamente baixo. Ent\u00e3o, caso o contribuinte ainda n\u00e3o tenha recebido o carn\u00ea, ele pode optar em receber pela internet ou no servi\u00e7o nos postos de atendimento da Serem. O atendimento est\u00e1 dispon\u00edvel no Centro Administrativo Municipal (CAM), em \u00c1gua Fria\u201d, explicou.<\/p>\n\n\n\n<p>As guias do IPTU e da TCR podem ser emitidas no Portal do Contribuinte, no endere\u00e7o eletr\u00f4nico: http:\/\/joaopessoa.pb.gov.br\/pc\/. Ao entrar no Portal do Contribuinte, o usu\u00e1rio encontra na p\u00e1gina principal os \u00edcones referentes ao IPTU e \u00e0 TCR. Ao clicar nos \u00edcones, basta preencher o espa\u00e7o com o n\u00famero de inscri\u00e7\u00e3o do im\u00f3vel.<\/p>\n\n\n\n<p><strong>Pagamento<\/strong>&nbsp;\u2013 O IPTU e a TCR podem ser pagos em qualquer ag\u00eancia banc\u00e1ria (incluindo lot\u00e9ricas e ag\u00eancias do Multibank) at\u00e9 o vencimento.<\/p>\n","protected":false},"excerpt":{"rendered":"<p>Os contribuintes de Jo\u00e3o Pessoa t\u00eam at\u00e9 esta sexta-feira (6) para pagar a cota \u00fanica com 15% de desconto do Imposto Predial e Territorial Urbano&hellip; <\/p>\n","protected":false},"author":2,"featured_media":95850,"comment_status":"closed","ping_status":"closed","sticky":false,"template":"","format":"standard","meta":{"sfsi_plus_gutenberg_text_before_share":"","sfsi_plus_gutenberg_show_text_before_share":"","sfsi_plus_gutenberg_icon_type":"","sfsi_plus_gutenberg_icon_alignemt":"","sfsi_plus_gutenburg_max_per_row":"","footnotes":""},"categories":[2],"tags":[],"class_list":["post-156739","post","type-post","status-publish","format-standard","has-post-thumbnail","hentry","category-geral"],"_links":{"self":[{"href":"https:\/\/www.caririemacao.com\/1\/wp-json\/wp\/v2\/posts\/156739","targetHints":{"allow":["GET"]}}],"collection":[{"href":"https:\/\/www.caririemacao.com\/1\/wp-json\/wp\/v2\/posts"}],"about":[{"href":"https:\/\/www.caririemacao.com\/1\/wp-json\/wp\/v2\/types\/post"}],"author":[{"embeddable":true,"href":"https:\/\/www.caririemacao.com\/1\/wp-json\/wp\/v2\/users\/2"}],"replies":[{"embeddable":true,"href":"https:\/\/www.caririemacao.com\/1\/wp-json\/wp\/v2\/comments?post=156739"}],"version-history":[{"count":1,"href":"https:\/\/www.caririemacao.com\/1\/wp-json\/wp\/v2\/posts\/156739\/revisions"}],"predecessor-version":[{"id":156740,"href":"https:\/\/www.caririemacao.com\/1\/wp-json\/wp\/v2\/posts\/156739\/revisions\/156740"}],"wp:featuredmedia":[{"embeddable":true,"href":"https:\/\/www.caririemacao.com\/1\/wp-json\/wp\/v2\/media\/95850"}],"wp:attachment":[{"href":"https:\/\/www.caririemacao.com\/1\/wp-json\/wp\/v2\/media?parent=156739"}],"wp:term":[{"taxonomy":"category","embeddable":true,"href":"https:\/\/www.caririemacao.com\/1\/wp-json\/wp\/v2\/categories?post=156739"},{"taxonomy":"post_tag","embeddable":true,"href":"https:\/\/www.caririemacao.com\/1\/wp-json\/wp\/v2\/tags?post=156739"}],"curies":[{"name":"wp","href":"https:\/\/api.w.org\/{rel}","templated":true}]}}