{"id":156743,"date":"2020-03-06T09:42:13","date_gmt":"2020-03-06T12:42:13","guid":{"rendered":"http:\/\/www.caririemacao.com\/1\/?p=156743"},"modified":"2020-03-06T09:42:15","modified_gmt":"2020-03-06T12:42:15","slug":"corpo-de-mulher-e-encontrado-em-avancado-estado-de-decomposicao-em-rodovia-da-paraiba","status":"publish","type":"post","link":"https:\/\/www.caririemacao.com\/1\/2020\/03\/06\/corpo-de-mulher-e-encontrado-em-avancado-estado-de-decomposicao-em-rodovia-da-paraiba\/","title":{"rendered":"Corpo de mulher \u00e9 encontrado em avan\u00e7ado estado de decomposi\u00e7\u00e3o em rodovia da Para\u00edba"},"content":{"rendered":"\n<p>O corpo de uma mulher em avan\u00e7ado estado de decomposi\u00e7\u00e3o foi encontrado na manh\u00e3 desta quinta-feira (5), \u00e0s margens da BR-230&nbsp;no trecho que liga a cidade de Soledade \u00e0 Olivedos, na Para\u00edba. De acordo com o delegado, Durval Barros, o corpo \u00e9 de&nbsp;Thalia Maria Eduarda da Silva, 22 anos que estava desaparecida h\u00e1 cerca de 16 dias.<\/p>\n\n\n\n<p>A v\u00edtima estava com as pernas quebradas, por\u00e9m foi descartada a&nbsp;hip\u00f3tese de atropelamento, visto que, no local, n\u00e3o se encontrava nenhum vest\u00edgio de frenagem de pneus.<\/p>\n\n\n\n<p>O&nbsp;Instituto de Per\u00edcia Criminal\u00edstica (IPC) foi acionado e constatou que se tratava de um homic\u00eddio, entretanto, ainda n\u00e3o se sabe se o local onde o corpo foi encontrado foi utilizado para cometer o homic\u00eddio, ou se foi local de desova.&nbsp;<\/p>\n\n\n\n<p>Ainda segundo o delegado, a m\u00e3e da v\u00edtima trabalhava em Jo\u00e3o Pessoa e vinha periodicamente para a casa onde morava com sua filha, neste meio tempo de aus\u00eancia, a jovem passou a se envolver com traficantes da regi\u00e3o e a fazer uso de drogas.<\/p>\n\n\n\n<p>Durval afirma que as investiga\u00e7\u00f5es para a pris\u00e3o dos acusados de cometer o crime j\u00e1 foram iniciadas, mas que, por enquanto, n\u00e3o tem nenhum suspeito sob investiga\u00e7\u00e3o<\/p>\n","protected":false},"excerpt":{"rendered":"<p>O corpo de uma mulher em avan\u00e7ado estado de decomposi\u00e7\u00e3o foi encontrado na manh\u00e3 desta quinta-feira (5), \u00e0s margens da BR-230&nbsp;no trecho que liga a&hellip; <\/p>\n","protected":false},"author":2,"featured_media":156744,"comment_status":"closed","ping_status":"closed","sticky":false,"template":"","format":"standard","meta":{"sfsi_plus_gutenberg_text_before_share":"","sfsi_plus_gutenberg_show_text_before_share":"","sfsi_plus_gutenberg_icon_type":"","sfsi_plus_gutenberg_icon_alignemt":"","sfsi_plus_gutenburg_max_per_row":"","footnotes":""},"categories":[12],"tags":[],"class_list":["post-156743","post","type-post","status-publish","format-standard","has-post-thumbnail","hentry","category-policia"],"_links":{"self":[{"href":"https:\/\/www.caririemacao.com\/1\/wp-json\/wp\/v2\/posts\/156743","targetHints":{"allow":["GET"]}}],"collection":[{"href":"https:\/\/www.caririemacao.com\/1\/wp-json\/wp\/v2\/posts"}],"about":[{"href":"https:\/\/www.caririemacao.com\/1\/wp-json\/wp\/v2\/types\/post"}],"author":[{"embeddable":true,"href":"https:\/\/www.caririemacao.com\/1\/wp-json\/wp\/v2\/users\/2"}],"replies":[{"embeddable":true,"href":"https:\/\/www.caririemacao.com\/1\/wp-json\/wp\/v2\/comments?post=156743"}],"version-history":[{"count":1,"href":"https:\/\/www.caririemacao.com\/1\/wp-json\/wp\/v2\/posts\/156743\/revisions"}],"predecessor-version":[{"id":156745,"href":"https:\/\/www.caririemacao.com\/1\/wp-json\/wp\/v2\/posts\/156743\/revisions\/156745"}],"wp:featuredmedia":[{"embeddable":true,"href":"https:\/\/www.caririemacao.com\/1\/wp-json\/wp\/v2\/media\/156744"}],"wp:attachment":[{"href":"https:\/\/www.caririemacao.com\/1\/wp-json\/wp\/v2\/media?parent=156743"}],"wp:term":[{"taxonomy":"category","embeddable":true,"href":"https:\/\/www.caririemacao.com\/1\/wp-json\/wp\/v2\/categories?post=156743"},{"taxonomy":"post_tag","embeddable":true,"href":"https:\/\/www.caririemacao.com\/1\/wp-json\/wp\/v2\/tags?post=156743"}],"curies":[{"name":"wp","href":"https:\/\/api.w.org\/{rel}","templated":true}]}}