{"id":156746,"date":"2020-03-06T09:44:25","date_gmt":"2020-03-06T12:44:25","guid":{"rendered":"http:\/\/www.caririemacao.com\/1\/?p=156746"},"modified":"2020-03-06T09:44:27","modified_gmt":"2020-03-06T12:44:27","slug":"com-8-casos-brasil-ja-tem-transmissao-local-de-coronavirus","status":"publish","type":"post","link":"https:\/\/www.caririemacao.com\/1\/2020\/03\/06\/com-8-casos-brasil-ja-tem-transmissao-local-de-coronavirus\/","title":{"rendered":"Com 8 casos, Brasil j\u00e1 tem transmiss\u00e3o local de coronav\u00edrus"},"content":{"rendered":"\n<p>Duas pessoas que tiveram contato com brasileiro infectado que retornou da It\u00e1lia foram diagnosticadas com o novo v\u00edrus<\/p>\n\n\n\n<p>Subiu para sete o n\u00famero de pessoas infectadas com o novo coronav\u00edrus (SARS-CoV2) no Brasil, de acordo com dados do Minist\u00e9rio da Sa\u00fade atualizados nesta quinta-feira (5). Dois novos casos t\u00eam rela\u00e7\u00e3o com o primeiro, registrado em S\u00e3o Paulo, o que demonstra transmiss\u00e3o local do v\u00edrus.<\/p>\n\n\n\n<p>Chega a sete o n\u00famero de pessoas que contra\u00edram o novo coronav\u00edrus em todo o pa\u00eds. Al\u00e9m dos dois novos casos em S\u00e3o Paulo, o Rio de Janeiro tamb\u00e9m confirmou um paciente infectado com o SARS-CoV2 nesta tarde.&nbsp;<\/p>\n\n\n\n<p>Outro caso, no Esp\u00edrito Santo (um mulher de 37 anos, com hist\u00f3rico de viagem \u00e0 It\u00e1lia) foi confirmado tamb\u00e9m hoje pela Fiocruz (Funda\u00e7\u00e3o Oswaldo Cruz), mas n\u00e3o constava no balan\u00e7o oficial do Minist\u00e9rio da Sa\u00fade nesta tarde.<\/p>\n\n\n\n<p>No Distrito Federal, uma mulher de 23 anos testou positivo para o SARS-CoV2, mas aguarda resultado da contraprova.&nbsp;<\/p>\n\n\n\n<p>Os dois pacientes infectados em territ\u00f3rio brasileiro tiveram contato com o empres\u00e1rio de 61 anos, primeiro caso registrado de covid-19 no pa\u00eds.<\/p>\n\n\n\n<p>Antes de apresentar os sintomas, em 25 de fevereiro, o homem recebeu 30 parentes na casa dele, na zona sul da capital paulista.&nbsp;<\/p>\n\n\n\n<p>Ele havia viajado ao norte da It\u00e1lia a neg\u00f3cios. A regi\u00e3o \u00e9 a mais afetada pelo surto de coronav\u00edrus naquele pa\u00eds.&nbsp;<\/p>\n\n\n\n<p>Al\u00e9m do empres\u00e1rio e dos dois casos ligados a ele, S\u00e3o Paulo tem outros tr\u00eas pacientes infectados: um administrador de empresas, de 46 anos; um funcion\u00e1rio de uma corretora de valores, de 32 anos; e uma adolescente de 13 anos. Todos passaram recentemente pela It\u00e1lia.&nbsp;<\/p>\n\n\n\n<p>O Minist\u00e9rio da Sa\u00fade monitora ainda 636 casos suspeitos em 21 estados e no Distrito Federal. Outros 378 foram descartados ap\u00f3s exames laboratoriais.&nbsp;<\/p>\n\n\n\n<p>O n\u00famero de casos suspeitos tem crescido ap\u00f3s a expans\u00e3o da lista de pa\u00edses onde h\u00e1 transmiss\u00e3o ativa do v\u00edrus.&nbsp;<\/p>\n","protected":false},"excerpt":{"rendered":"<p>Duas pessoas que tiveram contato com brasileiro infectado que retornou da It\u00e1lia foram diagnosticadas com o novo v\u00edrus Subiu para sete o n\u00famero de pessoas&hellip; <\/p>\n","protected":false},"author":2,"featured_media":156747,"comment_status":"closed","ping_status":"closed","sticky":false,"template":"","format":"standard","meta":{"sfsi_plus_gutenberg_text_before_share":"","sfsi_plus_gutenberg_show_text_before_share":"","sfsi_plus_gutenberg_icon_type":"","sfsi_plus_gutenberg_icon_alignemt":"","sfsi_plus_gutenburg_max_per_row":"","footnotes":""},"categories":[2],"tags":[],"class_list":["post-156746","post","type-post","status-publish","format-standard","has-post-thumbnail","hentry","category-geral"],"_links":{"self":[{"href":"https:\/\/www.caririemacao.com\/1\/wp-json\/wp\/v2\/posts\/156746","targetHints":{"allow":["GET"]}}],"collection":[{"href":"https:\/\/www.caririemacao.com\/1\/wp-json\/wp\/v2\/posts"}],"about":[{"href":"https:\/\/www.caririemacao.com\/1\/wp-json\/wp\/v2\/types\/post"}],"author":[{"embeddable":true,"href":"https:\/\/www.caririemacao.com\/1\/wp-json\/wp\/v2\/users\/2"}],"replies":[{"embeddable":true,"href":"https:\/\/www.caririemacao.com\/1\/wp-json\/wp\/v2\/comments?post=156746"}],"version-history":[{"count":1,"href":"https:\/\/www.caririemacao.com\/1\/wp-json\/wp\/v2\/posts\/156746\/revisions"}],"predecessor-version":[{"id":156748,"href":"https:\/\/www.caririemacao.com\/1\/wp-json\/wp\/v2\/posts\/156746\/revisions\/156748"}],"wp:featuredmedia":[{"embeddable":true,"href":"https:\/\/www.caririemacao.com\/1\/wp-json\/wp\/v2\/media\/156747"}],"wp:attachment":[{"href":"https:\/\/www.caririemacao.com\/1\/wp-json\/wp\/v2\/media?parent=156746"}],"wp:term":[{"taxonomy":"category","embeddable":true,"href":"https:\/\/www.caririemacao.com\/1\/wp-json\/wp\/v2\/categories?post=156746"},{"taxonomy":"post_tag","embeddable":true,"href":"https:\/\/www.caririemacao.com\/1\/wp-json\/wp\/v2\/tags?post=156746"}],"curies":[{"name":"wp","href":"https:\/\/api.w.org\/{rel}","templated":true}]}}