{"id":156757,"date":"2020-03-06T11:02:07","date_gmt":"2020-03-06T14:02:07","guid":{"rendered":"http:\/\/www.caririemacao.com\/1\/?p=156757"},"modified":"2020-03-06T11:02:09","modified_gmt":"2020-03-06T14:02:09","slug":"homem-e-morto-a-tiros-na-zona-rural-de-sao-joao-do-tigre","status":"publish","type":"post","link":"https:\/\/www.caririemacao.com\/1\/2020\/03\/06\/homem-e-morto-a-tiros-na-zona-rural-de-sao-joao-do-tigre\/","title":{"rendered":"Homem \u00e9 morto a tiros na zona rural de S\u00e3o Jo\u00e3o do Tigre"},"content":{"rendered":"\n<p>Por volta das 23:00 horas da noite desta quinta-feira (05), a Pol\u00edcia Militar recebeu informa\u00e7\u00f5es de que havia ocorrido um homic\u00eddio no S\u00edtio Santo Andr\u00e9 na cidade de S\u00e3o Jo\u00e3o do Tigre na regi\u00e3o do Cariri.<\/p>\n\n\n\n<p>Segundo informa\u00e7\u00f5es de populares, que a v\u00edtima ao descer do seu ve\u00edculo para abrir uma porteira, foi abordado por um homem que se aproximou e atirou contra a v\u00edtima que veio a \u00f3bito no local.&nbsp;<\/p>\n\n\n\n<p>O acusado se evadiu com destino ignorado e n\u00e3o foi localizado.&nbsp;<\/p>\n\n\n\n<p>At\u00e9 o momento n\u00e3o sabe a motiva\u00e7\u00e3o do crime.&nbsp;<\/p>\n\n\n\n<p>O local foi isolado pela pol\u00edcia a fim de que sejam prosseguidas as investiga\u00e7\u00f5es.<\/p>\n\n\n\n<p>V\u00edtima: EDMILSON FRANCISCO LEOPODINO DOS SANTOS, mais por galego, de 36 anos de idade.<\/p>\n\n\n\n<p><strong>HORA1PB<\/strong><\/p>\n","protected":false},"excerpt":{"rendered":"<p>Por volta das 23:00 horas da noite desta quinta-feira (05), a Pol\u00edcia Militar recebeu informa\u00e7\u00f5es de que havia ocorrido um homic\u00eddio no S\u00edtio Santo Andr\u00e9&hellip; <\/p>\n","protected":false},"author":2,"featured_media":36838,"comment_status":"closed","ping_status":"closed","sticky":false,"template":"","format":"standard","meta":{"sfsi_plus_gutenberg_text_before_share":"","sfsi_plus_gutenberg_show_text_before_share":"","sfsi_plus_gutenberg_icon_type":"","sfsi_plus_gutenberg_icon_alignemt":"","sfsi_plus_gutenburg_max_per_row":"","footnotes":""},"categories":[50,12],"tags":[],"class_list":["post-156757","post","type-post","status-publish","format-standard","has-post-thumbnail","hentry","category-destaque","category-policia"],"_links":{"self":[{"href":"https:\/\/www.caririemacao.com\/1\/wp-json\/wp\/v2\/posts\/156757","targetHints":{"allow":["GET"]}}],"collection":[{"href":"https:\/\/www.caririemacao.com\/1\/wp-json\/wp\/v2\/posts"}],"about":[{"href":"https:\/\/www.caririemacao.com\/1\/wp-json\/wp\/v2\/types\/post"}],"author":[{"embeddable":true,"href":"https:\/\/www.caririemacao.com\/1\/wp-json\/wp\/v2\/users\/2"}],"replies":[{"embeddable":true,"href":"https:\/\/www.caririemacao.com\/1\/wp-json\/wp\/v2\/comments?post=156757"}],"version-history":[{"count":1,"href":"https:\/\/www.caririemacao.com\/1\/wp-json\/wp\/v2\/posts\/156757\/revisions"}],"predecessor-version":[{"id":156758,"href":"https:\/\/www.caririemacao.com\/1\/wp-json\/wp\/v2\/posts\/156757\/revisions\/156758"}],"wp:featuredmedia":[{"embeddable":true,"href":"https:\/\/www.caririemacao.com\/1\/wp-json\/wp\/v2\/media\/36838"}],"wp:attachment":[{"href":"https:\/\/www.caririemacao.com\/1\/wp-json\/wp\/v2\/media?parent=156757"}],"wp:term":[{"taxonomy":"category","embeddable":true,"href":"https:\/\/www.caririemacao.com\/1\/wp-json\/wp\/v2\/categories?post=156757"},{"taxonomy":"post_tag","embeddable":true,"href":"https:\/\/www.caririemacao.com\/1\/wp-json\/wp\/v2\/tags?post=156757"}],"curies":[{"name":"wp","href":"https:\/\/api.w.org\/{rel}","templated":true}]}}