{"id":156763,"date":"2020-03-06T11:19:25","date_gmt":"2020-03-06T14:19:25","guid":{"rendered":"http:\/\/www.caririemacao.com\/1\/?p=156763"},"modified":"2020-03-06T11:19:26","modified_gmt":"2020-03-06T14:19:26","slug":"prefeita-natalia-realiza-um-levantamento-das-acoes-realizadas-pela-a-prefeitura-de-ouro-velho-nesta-primeira-semana-de-marco","status":"publish","type":"post","link":"https:\/\/www.caririemacao.com\/1\/2020\/03\/06\/prefeita-natalia-realiza-um-levantamento-das-acoes-realizadas-pela-a-prefeitura-de-ouro-velho-nesta-primeira-semana-de-marco\/","title":{"rendered":"Prefeita Natalia realiza um levantamento das a\u00e7\u00f5es realizadas pela a prefeitura de Ouro Velho nesta primeira semana de mar\u00e7o"},"content":{"rendered":"\n<p>A primeira semana de mar\u00e7o na cidade de Ouro Velho, come\u00e7ou movimentada, a prefeitura anunciou diversas a\u00e7\u00f5es e inaugura\u00e7\u00f5es.<\/p>\n\n\n\n<p>A prefeita Nat\u00e1lia de Dr J\u00fanior, e o l\u00edder pol\u00edtico, Dr J\u00fanior, anunciaram para a pr\u00f3xima ter\u00e7a-feira (10) a distribui\u00e7\u00e3o de frangos congelados e ovos para as fam\u00edlias carentes do munic\u00edpio.<\/p>\n\n\n\n<p>Outra a\u00e7\u00e3o importante, anunciada pela a prefeita Nat\u00e1lia, se dar por o motivos das chuvas que atingiu o munic\u00edpio nos \u00faltimos dias, que \u00e9 a recupera\u00e7\u00e3o das estradas vicinais.<\/p>\n\n\n\n<p>Na tarde da \u00faltima quinta-feira (05), a prefeitura de Ouro Velho deu in\u00edcio ao maior programa de perfura\u00e7\u00e3o de po\u00e7os que a cidade j\u00e1 presenciou, com um po\u00e7o perfurado no bairro do mutir\u00e3o. E mais 29 po\u00e7os ser\u00e3o perfurados nos pr\u00f3ximos dias.<\/p>\n\n\n\n<p>Nesta sexta-feira, a prefeitura de Ouro Velho, anunciou a inaugura\u00e7\u00e3o de mais uma adutora no munic\u00edpio, na comunidade Jos\u00e9 Alves.<\/p>\n\n\n\n<p>O l\u00edder pol\u00edtico, Dr J\u00fanior, em conversa com a reda\u00e7\u00e3o ressaltou que a cidade de Ouro Velho, est\u00e1 vivenciando um momento hist\u00f3rico, de obras e a\u00e7\u00f5es jamais vista na cidade.<\/p>\n\n\n\n<p>\u201cOuro Velho est\u00e1 vivenciando um momento hist\u00f3rico, s\u00e3o obras e a\u00e7\u00f5es que estamos realizando, que nenhuma outra gest\u00e3o fez por essa cidade. A prefeitura s\u00f3 nessa primeira semana de mar\u00e7o, recuperou as estradas vicinais, anunciou entrega de frangos congelados e ovos para as fam\u00edlias carentes do munic\u00edpio, deu in\u00edcio ao programa de perfura\u00e7\u00e3o de po\u00e7os que Ouro Velho j\u00e1 presenciou, e pra fechar, iremos inaugurar adutora do Jos\u00e9 Alves nesta sexta-feira (06).\u201d Finalizou Dr J\u00fanior.<\/p>\n\n\n\n<p><\/p>\n\n\n\n<p>Pol\u00edtica Parahyba<\/p>\n","protected":false},"excerpt":{"rendered":"<p>A primeira semana de mar\u00e7o na cidade de Ouro Velho, come\u00e7ou movimentada, a prefeitura anunciou diversas a\u00e7\u00f5es e inaugura\u00e7\u00f5es. A prefeita Nat\u00e1lia de Dr J\u00fanior,&hellip; <\/p>\n","protected":false},"author":2,"featured_media":147001,"comment_status":"closed","ping_status":"closed","sticky":false,"template":"","format":"standard","meta":{"sfsi_plus_gutenberg_text_before_share":"","sfsi_plus_gutenberg_show_text_before_share":"","sfsi_plus_gutenberg_icon_type":"","sfsi_plus_gutenberg_icon_alignemt":"","sfsi_plus_gutenburg_max_per_row":"","footnotes":""},"categories":[6],"tags":[],"class_list":["post-156763","post","type-post","status-publish","format-standard","has-post-thumbnail","hentry","category-cidades"],"_links":{"self":[{"href":"https:\/\/www.caririemacao.com\/1\/wp-json\/wp\/v2\/posts\/156763","targetHints":{"allow":["GET"]}}],"collection":[{"href":"https:\/\/www.caririemacao.com\/1\/wp-json\/wp\/v2\/posts"}],"about":[{"href":"https:\/\/www.caririemacao.com\/1\/wp-json\/wp\/v2\/types\/post"}],"author":[{"embeddable":true,"href":"https:\/\/www.caririemacao.com\/1\/wp-json\/wp\/v2\/users\/2"}],"replies":[{"embeddable":true,"href":"https:\/\/www.caririemacao.com\/1\/wp-json\/wp\/v2\/comments?post=156763"}],"version-history":[{"count":1,"href":"https:\/\/www.caririemacao.com\/1\/wp-json\/wp\/v2\/posts\/156763\/revisions"}],"predecessor-version":[{"id":156764,"href":"https:\/\/www.caririemacao.com\/1\/wp-json\/wp\/v2\/posts\/156763\/revisions\/156764"}],"wp:featuredmedia":[{"embeddable":true,"href":"https:\/\/www.caririemacao.com\/1\/wp-json\/wp\/v2\/media\/147001"}],"wp:attachment":[{"href":"https:\/\/www.caririemacao.com\/1\/wp-json\/wp\/v2\/media?parent=156763"}],"wp:term":[{"taxonomy":"category","embeddable":true,"href":"https:\/\/www.caririemacao.com\/1\/wp-json\/wp\/v2\/categories?post=156763"},{"taxonomy":"post_tag","embeddable":true,"href":"https:\/\/www.caririemacao.com\/1\/wp-json\/wp\/v2\/tags?post=156763"}],"curies":[{"name":"wp","href":"https:\/\/api.w.org\/{rel}","templated":true}]}}