{"id":156768,"date":"2020-03-06T11:22:30","date_gmt":"2020-03-06T14:22:30","guid":{"rendered":"http:\/\/www.caririemacao.com\/1\/?p=156768"},"modified":"2020-03-06T11:22:32","modified_gmt":"2020-03-06T14:22:32","slug":"com-chuvas-no-cariri-acude-de-boqueirao-ultrapassa-25-de-sua-capacidade-total","status":"publish","type":"post","link":"https:\/\/www.caririemacao.com\/1\/2020\/03\/06\/com-chuvas-no-cariri-acude-de-boqueirao-ultrapassa-25-de-sua-capacidade-total\/","title":{"rendered":"Com chuvas no Cariri, a\u00e7ude de Boqueir\u00e3o ultrapassa 25% de sua capacidade total"},"content":{"rendered":"\n<p>Depois de um longo per\u00edodo de estiagem, parece que a regi\u00e3o do Cariri Paraibano come\u00e7a a ter de volta o que os seus moradores mais desejavam, chuva em abund\u00e2ncia.<\/p>\n\n\n\n<p>Com o aumento delas, principalmente nas cabeceiras dos rios Tapero\u00e1 e Para\u00edba, o a\u00e7ude Epit\u00e1cio Pessoa, localizado em Boqueir\u00e3o, acabou sendo o mais beneficiado.<\/p>\n\n\n\n<p>De acordo com dados do Departamento Nacional de Obras contra as Secas (Dnocs), somente entre os dias 04 a 05 de mar\u00e7o foi registrado um aumento de 34 cm na l\u00e2mina d\u2019\u00e1gua, correspondendo a um aporte h\u00eddrico de 5.464.188 m\u00b3.<\/p>\n\n\n\n<p>No per\u00edodo de 01 a 05 de mar\u00e7o, o acr\u00e9scimo foi de 1,48 metros na l\u00e2mina d\u2019\u00e1gua, correspondendo a um aporte h\u00eddrico de 22.324.167 m\u00b3.<\/p>\n\n\n\n<p>O volume atual de Boqueir\u00e3o de 122.784.452 m\u00b3, que representa 26,3% da capacidade. Vale lembrar que no in\u00edcio do ano o a\u00e7ude s\u00f3 tinha 14% de \u00e1gua acumulada.<\/p>\n\n\n\n<p><em>Blog do Max Silva \u2013 Foto: Aesa<\/em><\/p>\n","protected":false},"excerpt":{"rendered":"<p>Depois de um longo per\u00edodo de estiagem, parece que a regi\u00e3o do Cariri Paraibano come\u00e7a a ter de volta o que os seus moradores mais&hellip; <\/p>\n","protected":false},"author":2,"featured_media":156769,"comment_status":"closed","ping_status":"closed","sticky":false,"template":"","format":"standard","meta":{"sfsi_plus_gutenberg_text_before_share":"","sfsi_plus_gutenberg_show_text_before_share":"","sfsi_plus_gutenberg_icon_type":"","sfsi_plus_gutenberg_icon_alignemt":"","sfsi_plus_gutenburg_max_per_row":"","footnotes":""},"categories":[2],"tags":[],"class_list":["post-156768","post","type-post","status-publish","format-standard","has-post-thumbnail","hentry","category-geral"],"_links":{"self":[{"href":"https:\/\/www.caririemacao.com\/1\/wp-json\/wp\/v2\/posts\/156768","targetHints":{"allow":["GET"]}}],"collection":[{"href":"https:\/\/www.caririemacao.com\/1\/wp-json\/wp\/v2\/posts"}],"about":[{"href":"https:\/\/www.caririemacao.com\/1\/wp-json\/wp\/v2\/types\/post"}],"author":[{"embeddable":true,"href":"https:\/\/www.caririemacao.com\/1\/wp-json\/wp\/v2\/users\/2"}],"replies":[{"embeddable":true,"href":"https:\/\/www.caririemacao.com\/1\/wp-json\/wp\/v2\/comments?post=156768"}],"version-history":[{"count":1,"href":"https:\/\/www.caririemacao.com\/1\/wp-json\/wp\/v2\/posts\/156768\/revisions"}],"predecessor-version":[{"id":156770,"href":"https:\/\/www.caririemacao.com\/1\/wp-json\/wp\/v2\/posts\/156768\/revisions\/156770"}],"wp:featuredmedia":[{"embeddable":true,"href":"https:\/\/www.caririemacao.com\/1\/wp-json\/wp\/v2\/media\/156769"}],"wp:attachment":[{"href":"https:\/\/www.caririemacao.com\/1\/wp-json\/wp\/v2\/media?parent=156768"}],"wp:term":[{"taxonomy":"category","embeddable":true,"href":"https:\/\/www.caririemacao.com\/1\/wp-json\/wp\/v2\/categories?post=156768"},{"taxonomy":"post_tag","embeddable":true,"href":"https:\/\/www.caririemacao.com\/1\/wp-json\/wp\/v2\/tags?post=156768"}],"curies":[{"name":"wp","href":"https:\/\/api.w.org\/{rel}","templated":true}]}}