{"id":156779,"date":"2020-03-06T11:59:13","date_gmt":"2020-03-06T14:59:13","guid":{"rendered":"http:\/\/www.caririemacao.com\/1\/?p=156779"},"modified":"2020-03-06T11:59:15","modified_gmt":"2020-03-06T14:59:15","slug":"otimismo-ministro-de-bolsonaro-diz-que-economia-esta-reacelerando","status":"publish","type":"post","link":"https:\/\/www.caririemacao.com\/1\/2020\/03\/06\/otimismo-ministro-de-bolsonaro-diz-que-economia-esta-reacelerando\/","title":{"rendered":"Otimismo: Ministro de Bolsonaro diz que economia est\u00e1 \u201creacelerando\u201d"},"content":{"rendered":"\n<p><br>O ministro da Economia, Paulo Guedes, disse hoje que o \u00faltimo resultado do Produto Interno Bruto (PIB, soma dos bens e dos servi\u00e7os produzidos no pa\u00eds) mostra que a economia brasileira est\u00e1 \u201creacelerando\u201d.<\/p>\n\n\n\n<p>Segundo ele, na compara\u00e7\u00e3o trimestre a trimestre \u00e9 poss\u00edvel observar que a expans\u00e3o da produ\u00e7\u00e3o de bens e servi\u00e7os foi aumentando ao longo de 2019.<\/p>\n\n\n\n<p>O PIB fechou o ano passado com crescimento de 1,1% frente a 2018. O resultado foi alcan\u00e7ado ap\u00f3s a varia\u00e7\u00e3o do quarto trimestre de 2019, que teve alta de 0,5% na compara\u00e7\u00e3o com o per\u00edodo anterior. Na compara\u00e7\u00e3o com o mesmo trimestre de 2018 houve eleva\u00e7\u00e3o de 1,7%.<\/p>\n\n\n\n<p>\u201cA economia, que estava a 0,7% [no primeiro trimestre de 2019], foi reacelerando ao longo do ano e terminou o ano j\u00e1 rodando a quase 2%\u201d, disse o ministro ao analisar os n\u00fameros divulgados ontem (4).<\/p>\n\n\n\n<p>Ainda de acordo com Guedes, o crescimento do primeiro trimestre do ano passado sofreu o impacto do rompimento da barragem da Vale em Brumadinho (MG) e da crise econ\u00f4mica na Argentina.<\/p>\n\n\n\n<p>Paulo Guedes deu as declara\u00e7\u00f5es ap\u00f3s uma reuni\u00e3o com acionistas e executivos de grandes empresas na Federa\u00e7\u00e3o das Ind\u00fastrias do Estado de S\u00e3o Paulo (Fiesp).<\/p>\n\n\n\n<p>O presidente Jair Bolsonaro esteve no encontro acompanhado dos ministros da Casa Civil, Braga Netto; Meio Ambiente, Ricardo Salles; Secretaria-Geral da Presid\u00eancia, Jorge Antonio Francisco, e Secretaria de Governo, Luiz Eduardo Ramos.<\/p>\n\n\n\n<p><strong>Otimismo<\/strong><\/p>\n\n\n\n<p>\u201cFoi importante essa reuni\u00e3o hoje (5) porque n\u00f3s vimos de quem realmente est\u00e1 disparando os investimentos da economia brasileira o sentimento de otimismo, um clima completamente diferente do que est\u00e1 se falando\u201d, disse o ministro da Economia.<\/p>\n\n\n\n<p>Para este ano, a estimativa de Guedes \u00e9 que a economia brasileira cres\u00e7a 2%. O ministro acredita que a epidemia de coronav\u00edrus tenha poucos impactos no Brasil. Segundo ele, a economia nacional ainda \u00e9 muito fechada e, por isso, \u00e9 menos afetada pelas mudan\u00e7as no cen\u00e1rio global.<\/p>\n\n\n\n<p>\u201cO Brasil \u00e9 um dos menos integrados, ent\u00e3o vai pegar muito mais nos outros do que em n\u00f3s\u201d, enfatizou.<\/p>\n\n\n\n<p>A reuni\u00e3o durou cerca de duas horas e foi seguida de um almo\u00e7o.<\/p>\n\n\n\n<p><strong>D\u00f3lar<\/strong><\/p>\n\n\n\n<p>O ministro Guedes atribuiu \u00e0s recentes altas do d\u00f3lar a um ajuste do cen\u00e1rio econ\u00f4mico, com menos gastos p\u00fablicos e juros mais baixos.<\/p>\n\n\n\n<p>\u201cO modelo econ\u00f4mico mudou. O Brasil passou quatro d\u00e9cadas como para\u00edso dos rentistas e o inferno dos empreendedores. Modelo onde a taxa de juros estava sempre l\u00e1 em cima, o governo se endividando em bola de neve, juros a 60% ao ano. N\u00f3s passamos uma d\u00e9cada com juros de dois d\u00edgitos. E depois continuamos com os juros altos\u201d, disse.<\/p>\n\n\n\n<p>Para o ministro, o cen\u00e1rio abre outras possibilidades para o aquecimento econ\u00f4mico.<\/p>\n\n\n\n<p>\u201cVai ter consumo, vai ter investimento, porque os juros s\u00e3o mais baixos. E ao mesmo tempo vai ter mais exporta\u00e7\u00e3o, porque o c\u00e2mbio t\u00e1 l\u00e1. A infla\u00e7\u00e3o t\u00e1 baixa, em 4% tamb\u00e9m\u201d, disse.<\/p>\n","protected":false},"excerpt":{"rendered":"<p>O ministro da Economia, Paulo Guedes, disse hoje que o \u00faltimo resultado do Produto Interno Bruto (PIB, soma dos bens e dos servi\u00e7os produzidos no&hellip; <\/p>\n","protected":false},"author":2,"featured_media":156523,"comment_status":"closed","ping_status":"closed","sticky":false,"template":"","format":"standard","meta":{"sfsi_plus_gutenberg_text_before_share":"","sfsi_plus_gutenberg_show_text_before_share":"","sfsi_plus_gutenberg_icon_type":"","sfsi_plus_gutenberg_icon_alignemt":"","sfsi_plus_gutenburg_max_per_row":"","footnotes":""},"categories":[11],"tags":[],"class_list":["post-156779","post","type-post","status-publish","format-standard","has-post-thumbnail","hentry","category-politica"],"_links":{"self":[{"href":"https:\/\/www.caririemacao.com\/1\/wp-json\/wp\/v2\/posts\/156779","targetHints":{"allow":["GET"]}}],"collection":[{"href":"https:\/\/www.caririemacao.com\/1\/wp-json\/wp\/v2\/posts"}],"about":[{"href":"https:\/\/www.caririemacao.com\/1\/wp-json\/wp\/v2\/types\/post"}],"author":[{"embeddable":true,"href":"https:\/\/www.caririemacao.com\/1\/wp-json\/wp\/v2\/users\/2"}],"replies":[{"embeddable":true,"href":"https:\/\/www.caririemacao.com\/1\/wp-json\/wp\/v2\/comments?post=156779"}],"version-history":[{"count":1,"href":"https:\/\/www.caririemacao.com\/1\/wp-json\/wp\/v2\/posts\/156779\/revisions"}],"predecessor-version":[{"id":156780,"href":"https:\/\/www.caririemacao.com\/1\/wp-json\/wp\/v2\/posts\/156779\/revisions\/156780"}],"wp:featuredmedia":[{"embeddable":true,"href":"https:\/\/www.caririemacao.com\/1\/wp-json\/wp\/v2\/media\/156523"}],"wp:attachment":[{"href":"https:\/\/www.caririemacao.com\/1\/wp-json\/wp\/v2\/media?parent=156779"}],"wp:term":[{"taxonomy":"category","embeddable":true,"href":"https:\/\/www.caririemacao.com\/1\/wp-json\/wp\/v2\/categories?post=156779"},{"taxonomy":"post_tag","embeddable":true,"href":"https:\/\/www.caririemacao.com\/1\/wp-json\/wp\/v2\/tags?post=156779"}],"curies":[{"name":"wp","href":"https:\/\/api.w.org\/{rel}","templated":true}]}}