{"id":156795,"date":"2020-03-06T13:28:00","date_gmt":"2020-03-06T16:28:00","guid":{"rendered":"http:\/\/www.caririemacao.com\/1\/?p=156795"},"modified":"2020-03-06T13:28:01","modified_gmt":"2020-03-06T16:28:01","slug":"bahia-confirma-primeiro-caso-de-coronavirus-e-o-9o-no-brasil","status":"publish","type":"post","link":"https:\/\/www.caririemacao.com\/1\/2020\/03\/06\/bahia-confirma-primeiro-caso-de-coronavirus-e-o-9o-no-brasil\/","title":{"rendered":"Bahia confirma primeiro caso de coronav\u00edrus, \u00e9 o 9\u00ba no Brasil"},"content":{"rendered":"\n<p>A Bahia confirmou o primeiro caso importado do novo coronav\u00edrus (Covid-19) no estado na manh\u00e3 desta sexta-feira (6), de acordo com informa\u00e7\u00f5es da Sesab (Secretaria Estadual da Sa\u00fade da Bahia). O caso \u00e9 o nono j\u00e1 registrado no Brasil e o primeiro no Nordeste.&nbsp;<\/p>\n\n\n\n<p>A paciente \u00e9 uma mulher de 34 anos, moradora da cidade de Feira de Santana, que voltou no dia 25 de fevereiro da It\u00e1lia, onde passou por Mil\u00e3o e Roma. Ela est\u00e1 em casa, n\u00e3o apresenta sintomas da doen\u00e7a e foi orientada a permanecer em isolamento.&nbsp;<\/p>\n\n\n\n<p>Al\u00e9m do caso baiano, foram registrados seis casos em S\u00e3o Paulo, um no Esp\u00edrito Santo e um no Rio de Janeiro.&nbsp;<br><\/p>\n\n\n\n<p><strong>Procedimentos<\/strong><\/p>\n\n\n\n<p>O primeiro atendimento \u00e0 paciente e as amostras foram coletadas em um hospital particular de Salvador e, em seguida, enviadas para a Fiocruz (Funda\u00e7\u00e3o Oswaldo Cruz), no Rio de Janeiro, refer\u00eancia nacional do Minist\u00e9rio da Sa\u00fade. O resultado laboratorial confirmando o diagn\u00f3stico saiu nesta sexta.<\/p>\n\n\n\n<p>\u201cTrata-se de um caso importado&#8221;, afirmou o secret\u00e1rio da Sa\u00fade do Estado da Bahia, F\u00e1bio Vilas-Boas. Segundo ele, a paciente contraiu a doen\u00e7a na Europa e manifestou sintomas ap\u00f3s sua chegada ao Brasil. &#8220;Isso \u00e9 diferente de haver uma contamina\u00e7\u00e3o interna no estado&#8221;, complementou o secret\u00e1rio. &#8220;Todas as medidas de conten\u00e7\u00e3o para garantir que n\u00e3o houve a contamina\u00e7\u00e3o de outras pessoas foram e est\u00e3o sendo tomadas pela vigil\u00e2ncia estadual, municipal e n\u00facleo regional de sa\u00fade leste.\u201d<br><\/p>\n\n\n\n<p>O monitoramento da paciente est\u00e1 sendo realizado pelo Cievs-BA (Centro de Informa\u00e7\u00f5es Estrat\u00e9gicas em Vigil\u00e2ncia em Sa\u00fade da Bahia) e pela vigil\u00e2ncia municipal de Feira de Santana.<br><\/p>\n\n\n\n<p><strong>Notifica\u00e7\u00f5es<\/strong><\/p>\n\n\n\n<p>A Bahia registrou 73 casos suspeitos de infec\u00e7\u00e3o pelo novo coronav\u00edrus desde janeiro at\u00e9 \u00e0s 17 horas de quinta-feira (5). Do total, 21 foram exclu\u00eddos por n\u00e3o se enquadrarem no protocolo do Minist\u00e9rio da Sa\u00fade, 29 descartados laboratorialmente e 23 aguardam an\u00e1lise laboratorial. Os casos foram registrados em Cama\u00e7ari, Feira de Santana, Ilh\u00e9us, Itabuna, Jacaraci, Jequi\u00e9, Lauro de Freitas, Len\u00e7\u00f3is, Salvador, Santa Cruz Cabr\u00e1lia, Teixeira de Freitas, Tucano e Vit\u00f3ria da Conquista.&nbsp;<\/p>\n\n\n\n<p><strong>Pelo mundo<\/strong><\/p>\n\n\n\n<p>O Minist\u00e9rio da Sa\u00fade monitora 33 pa\u00edses que apresentam transmiss\u00e3o ativa do coronav\u00edrus. Os crit\u00e9rios para a defini\u00e7\u00e3o de caso suspeito enquadram pessoas que apresentarem febre e mais um sintoma gripal, como tosse ou falta de ar e tiveram passagem por Alemanha, Arg\u00e9lia, Austr\u00e1lia, Canad\u00e1, China, Coreia do Norte, Coreia do Sul, Cro\u00e1cia, Dinamarca, Emirados \u00c1rabes Unidos, Equador, Espanha, Estados Unidos, Finl\u00e2ndia, Fran\u00e7a, Gr\u00e9cia, Holanda, Indon\u00e9sia, Ir\u00e3, Israel, It\u00e1lia, Jap\u00e3o, L\u00edbano, Mal\u00e1sia, Noruega, Reino Unido, Rom\u00eania, San Marino, Singapura, Su\u00e9cia, Su\u00ed\u00e7a, Tail\u00e2ndia ou Vietn\u00e3.<\/p>\n\n\n\n<p>O paciente com diagn\u00f3stico positivo para o novo coronav\u00edrus pode ter grau leve, moderado ou grave. De acordo com a situa\u00e7\u00e3o cl\u00ednica, o atendimento pode ser realizado em unidades prim\u00e1rias de aten\u00e7\u00e3o b\u00e1sica, unidades secund\u00e1rias ou ser encaminhado para interna\u00e7\u00e3o. Casos graves devem ser encaminhados a um hospital de refer\u00eancia para isolamento e tratamento. Casos leves devem ser acompanhados pela APS (Aten\u00e7\u00e3o Prim\u00e1ria em Sa\u00fade) e ser\u00e3o institu\u00eddas medidas de precau\u00e7\u00e3o domiciliar.<\/p>\n","protected":false},"excerpt":{"rendered":"<p>A Bahia confirmou o primeiro caso importado do novo coronav\u00edrus (Covid-19) no estado na manh\u00e3 desta sexta-feira (6), de acordo com informa\u00e7\u00f5es da Sesab (Secretaria&hellip; <\/p>\n","protected":false},"author":2,"featured_media":156796,"comment_status":"closed","ping_status":"closed","sticky":false,"template":"","format":"standard","meta":{"sfsi_plus_gutenberg_text_before_share":"","sfsi_plus_gutenberg_show_text_before_share":"","sfsi_plus_gutenberg_icon_type":"","sfsi_plus_gutenberg_icon_alignemt":"","sfsi_plus_gutenburg_max_per_row":"","footnotes":""},"categories":[2],"tags":[],"class_list":["post-156795","post","type-post","status-publish","format-standard","has-post-thumbnail","hentry","category-geral"],"_links":{"self":[{"href":"https:\/\/www.caririemacao.com\/1\/wp-json\/wp\/v2\/posts\/156795","targetHints":{"allow":["GET"]}}],"collection":[{"href":"https:\/\/www.caririemacao.com\/1\/wp-json\/wp\/v2\/posts"}],"about":[{"href":"https:\/\/www.caririemacao.com\/1\/wp-json\/wp\/v2\/types\/post"}],"author":[{"embeddable":true,"href":"https:\/\/www.caririemacao.com\/1\/wp-json\/wp\/v2\/users\/2"}],"replies":[{"embeddable":true,"href":"https:\/\/www.caririemacao.com\/1\/wp-json\/wp\/v2\/comments?post=156795"}],"version-history":[{"count":1,"href":"https:\/\/www.caririemacao.com\/1\/wp-json\/wp\/v2\/posts\/156795\/revisions"}],"predecessor-version":[{"id":156797,"href":"https:\/\/www.caririemacao.com\/1\/wp-json\/wp\/v2\/posts\/156795\/revisions\/156797"}],"wp:featuredmedia":[{"embeddable":true,"href":"https:\/\/www.caririemacao.com\/1\/wp-json\/wp\/v2\/media\/156796"}],"wp:attachment":[{"href":"https:\/\/www.caririemacao.com\/1\/wp-json\/wp\/v2\/media?parent=156795"}],"wp:term":[{"taxonomy":"category","embeddable":true,"href":"https:\/\/www.caririemacao.com\/1\/wp-json\/wp\/v2\/categories?post=156795"},{"taxonomy":"post_tag","embeddable":true,"href":"https:\/\/www.caririemacao.com\/1\/wp-json\/wp\/v2\/tags?post=156795"}],"curies":[{"name":"wp","href":"https:\/\/api.w.org\/{rel}","templated":true}]}}