{"id":156798,"date":"2020-03-06T13:31:29","date_gmt":"2020-03-06T16:31:29","guid":{"rendered":"http:\/\/www.caririemacao.com\/1\/?p=156798"},"modified":"2020-03-06T13:31:31","modified_gmt":"2020-03-06T16:31:31","slug":"ufpb-divulga-lista-de-aprovados-na-segunda-lista-de-espera-do-sisu-2020-1","status":"publish","type":"post","link":"https:\/\/www.caririemacao.com\/1\/2020\/03\/06\/ufpb-divulga-lista-de-aprovados-na-segunda-lista-de-espera-do-sisu-2020-1\/","title":{"rendered":"UFPB divulga lista de aprovados na segunda lista de espera do Sisu 2020.1"},"content":{"rendered":"\n<p>A lista de selecionados da 2\u00aa chamada a lista de espera do Sistema de Sele\u00e7\u00e3o Unificada (Sisu) no primeiro semestre de 2020 da Universidade Federal da Para\u00edba (UFPB) foi divulgada nesta quinta-feira (05) pela&nbsp;Pr\u00f3-Reitoria de Gradua\u00e7\u00e3o (PRG).<\/p>\n\n\n\n<p><a href=\"http:\/\/www.prg.ufpb.br\/prg\/codesc\/processos-seletivos\/noticias\/sisu-1a-edicao-2020\/2a-lista-de-convocacao.pdf\">Confira a lista<\/a><\/p>\n\n\n\n<p>Tamb\u00e9m foram publicados a&nbsp;<a href=\"http:\/\/www.prg.ufpb.br\/prg\/codesc\/processos-seletivos\/noticias\/sisu-1a-edicao-2020\/2a-lista-de-remanejamento.pdf\">2\u00aa lista de remanejamento<\/a>, com candidatos convocados para a 1\u00aa op\u00e7\u00e3o de curso ou mudan\u00e7a de semestre, e o&nbsp;<a href=\"http:\/\/www.prg.ufpb.br\/prg\/codesc\/processos-seletivos\/noticias\/sisu-1a-edicao-2020\/edital-prg-007_2020_2-chamada-da-lista-de-espera.pdf\">edital<\/a><a href=\"http:\/\/www.prg.ufpb.br\/prg\/codesc\/processos-seletivos\/noticias\/sisu-1a-edicao-2020\/edital-prg-007_2020_2-chamada-da-lista-de-espera.pdf\">edital<\/a>de convoca\u00e7\u00e3o para o cadastramento, a ser realizado no dia 13 de mar\u00e7o, das 8 \u00e0s 12h e 14 \u00e0s 17h, no Audit\u00f3rio da Reitoria, campus I, em Jo\u00e3o Pessoa.&nbsp;<br><\/p>\n\n\n\n<p>Os estudantes precisam ficar atentos aos editais por causa das informa\u00e7\u00f5es detalhadas sobre o dia, local e a documenta\u00e7\u00e3o necess\u00e1ria para a pr\u00e9-matr\u00edcula. De acordo com a Pr\u00f3-Reitora da PRG, professora Ariane S\u00e1, a UFPB tem quase 85% de matr\u00edculas cadastradas.&nbsp;<\/p>\n\n\n\n<p>\u201cSomos uma das poucas que conseguiu o feito de preencher, na 1\u00aa chamada da lista de espera, 84% das vagas ofertadas: 1.966 cadastrados. Temos um total de 6.632 estudantes com a pr\u00e9-matr\u00edcula realizada\u201d, destaca.&nbsp;<\/p>\n\n\n\n<p>Ainda conforme a gestora, outra chamada deve acontecer no dia 13 de mar\u00e7o, quando dever\u00e1 ser conclu\u00eddo o 1\u00b0 processo seletivo do Sisu em 2020. O semestre letivo come\u00e7ar\u00e1 em 23 de abril. As vagas remanescentes ser\u00e3o ofertadas na 2\u00aa edi\u00e7\u00e3o do Sisu 2020.&nbsp;<\/p>\n\n\n\n<p>No pa\u00eds, a UFPB \u00e9 a institui\u00e7\u00e3o federal que mais ofertou vagas. Ao todo, foram 7.872, sendo 3.930 para a ampla concorr\u00eancia e 3.942 para cotas, em conformidade com a Lei n\u00ba 12.711\/2012.<\/p>\n","protected":false},"excerpt":{"rendered":"<p>A lista de selecionados da 2\u00aa chamada a lista de espera do Sistema de Sele\u00e7\u00e3o Unificada (Sisu) no primeiro semestre de 2020 da Universidade Federal&hellip; <\/p>\n","protected":false},"author":2,"featured_media":156799,"comment_status":"closed","ping_status":"closed","sticky":false,"template":"","format":"standard","meta":{"sfsi_plus_gutenberg_text_before_share":"","sfsi_plus_gutenberg_show_text_before_share":"","sfsi_plus_gutenberg_icon_type":"","sfsi_plus_gutenberg_icon_alignemt":"","sfsi_plus_gutenburg_max_per_row":"","footnotes":""},"categories":[14],"tags":[],"class_list":["post-156798","post","type-post","status-publish","format-standard","has-post-thumbnail","hentry","category-educacao"],"_links":{"self":[{"href":"https:\/\/www.caririemacao.com\/1\/wp-json\/wp\/v2\/posts\/156798","targetHints":{"allow":["GET"]}}],"collection":[{"href":"https:\/\/www.caririemacao.com\/1\/wp-json\/wp\/v2\/posts"}],"about":[{"href":"https:\/\/www.caririemacao.com\/1\/wp-json\/wp\/v2\/types\/post"}],"author":[{"embeddable":true,"href":"https:\/\/www.caririemacao.com\/1\/wp-json\/wp\/v2\/users\/2"}],"replies":[{"embeddable":true,"href":"https:\/\/www.caririemacao.com\/1\/wp-json\/wp\/v2\/comments?post=156798"}],"version-history":[{"count":1,"href":"https:\/\/www.caririemacao.com\/1\/wp-json\/wp\/v2\/posts\/156798\/revisions"}],"predecessor-version":[{"id":156800,"href":"https:\/\/www.caririemacao.com\/1\/wp-json\/wp\/v2\/posts\/156798\/revisions\/156800"}],"wp:featuredmedia":[{"embeddable":true,"href":"https:\/\/www.caririemacao.com\/1\/wp-json\/wp\/v2\/media\/156799"}],"wp:attachment":[{"href":"https:\/\/www.caririemacao.com\/1\/wp-json\/wp\/v2\/media?parent=156798"}],"wp:term":[{"taxonomy":"category","embeddable":true,"href":"https:\/\/www.caririemacao.com\/1\/wp-json\/wp\/v2\/categories?post=156798"},{"taxonomy":"post_tag","embeddable":true,"href":"https:\/\/www.caririemacao.com\/1\/wp-json\/wp\/v2\/tags?post=156798"}],"curies":[{"name":"wp","href":"https:\/\/api.w.org\/{rel}","templated":true}]}}