{"id":156801,"date":"2020-03-06T13:32:38","date_gmt":"2020-03-06T16:32:38","guid":{"rendered":"http:\/\/www.caririemacao.com\/1\/?p=156801"},"modified":"2020-03-06T13:32:41","modified_gmt":"2020-03-06T16:32:41","slug":"sao-jose-dos-cordeiros-recebe-mais-um-dessalinizador-que-garantira-agua-potavel-para-4-comunidades-rurais","status":"publish","type":"post","link":"https:\/\/www.caririemacao.com\/1\/2020\/03\/06\/sao-jose-dos-cordeiros-recebe-mais-um-dessalinizador-que-garantira-agua-potavel-para-4-comunidades-rurais\/","title":{"rendered":"S\u00e3o Jos\u00e9 dos Cordeiros recebe mais um dessalinizador que garantir\u00e1 \u00e1gua pot\u00e1vel para 4 comunidades rurais"},"content":{"rendered":"\n<p>Atrav\u00e9s de parceria com o Governo do Estado, por meio do Procase, o munic\u00edpio de S\u00e3o Jos\u00e9 dos Cordeiros recebe mais um sistema de dessaliniza\u00e7\u00e3o vertical, que atender\u00e1 com \u00e1gua pot\u00e1vel as comunidades do Sim\u00e3o Lopes, Algod\u00e3o, Riacho dos Pocinhos, Rio de Fora e adjac\u00eancias.<\/p>\n\n\n\n<p>O sistema de dessaliniza\u00e7\u00e3o foi constru\u00eddo no s\u00edtio Sim\u00e3o Lopes e teve seus equipamentos instalados nesta quinta-feira (05). A obra representou um investimento de R$ 72.003,05 numa parceria da Prefeitura de S\u00e3o Jos\u00e9 dos Cordeiros com o Governo do Estado, com recursos oriundos do Fundo Internacional de Desenvolvimento Agr\u00edcola (FIDA).<\/p>\n\n\n\n<p>Para o prefeito Jefferson Roberto: \u201c\u00c9 mais uma a\u00e7\u00e3o que chega para quem mais precisa e s\u00e3o a\u00e7\u00f5es como essas que nos d\u00e3o for\u00e7a para est\u00e1 na pol\u00edtica. Conversando pouco e trabalhando muito e beneficiando as pessoas com a\u00e7\u00f5es, incentivos e obras. Este j\u00e1 \u00e9 o quarto sistema implantado em nosso munic\u00edpio e muito ainda est\u00e1 por vir\u201d, concluiu o gestor.<\/p>\n","protected":false},"excerpt":{"rendered":"<p>Atrav\u00e9s de parceria com o Governo do Estado, por meio do Procase, o munic\u00edpio de S\u00e3o Jos\u00e9 dos Cordeiros recebe mais um sistema de dessaliniza\u00e7\u00e3o&hellip; <\/p>\n","protected":false},"author":2,"featured_media":156802,"comment_status":"closed","ping_status":"closed","sticky":false,"template":"","format":"standard","meta":{"sfsi_plus_gutenberg_text_before_share":"","sfsi_plus_gutenberg_show_text_before_share":"","sfsi_plus_gutenberg_icon_type":"","sfsi_plus_gutenberg_icon_alignemt":"","sfsi_plus_gutenburg_max_per_row":"","footnotes":""},"categories":[2],"tags":[],"class_list":["post-156801","post","type-post","status-publish","format-standard","has-post-thumbnail","hentry","category-geral"],"_links":{"self":[{"href":"https:\/\/www.caririemacao.com\/1\/wp-json\/wp\/v2\/posts\/156801","targetHints":{"allow":["GET"]}}],"collection":[{"href":"https:\/\/www.caririemacao.com\/1\/wp-json\/wp\/v2\/posts"}],"about":[{"href":"https:\/\/www.caririemacao.com\/1\/wp-json\/wp\/v2\/types\/post"}],"author":[{"embeddable":true,"href":"https:\/\/www.caririemacao.com\/1\/wp-json\/wp\/v2\/users\/2"}],"replies":[{"embeddable":true,"href":"https:\/\/www.caririemacao.com\/1\/wp-json\/wp\/v2\/comments?post=156801"}],"version-history":[{"count":1,"href":"https:\/\/www.caririemacao.com\/1\/wp-json\/wp\/v2\/posts\/156801\/revisions"}],"predecessor-version":[{"id":156803,"href":"https:\/\/www.caririemacao.com\/1\/wp-json\/wp\/v2\/posts\/156801\/revisions\/156803"}],"wp:featuredmedia":[{"embeddable":true,"href":"https:\/\/www.caririemacao.com\/1\/wp-json\/wp\/v2\/media\/156802"}],"wp:attachment":[{"href":"https:\/\/www.caririemacao.com\/1\/wp-json\/wp\/v2\/media?parent=156801"}],"wp:term":[{"taxonomy":"category","embeddable":true,"href":"https:\/\/www.caririemacao.com\/1\/wp-json\/wp\/v2\/categories?post=156801"},{"taxonomy":"post_tag","embeddable":true,"href":"https:\/\/www.caririemacao.com\/1\/wp-json\/wp\/v2\/tags?post=156801"}],"curies":[{"name":"wp","href":"https:\/\/api.w.org\/{rel}","templated":true}]}}