{"id":156807,"date":"2020-03-06T16:14:11","date_gmt":"2020-03-06T19:14:11","guid":{"rendered":"http:\/\/www.caririemacao.com\/1\/?p=156807"},"modified":"2020-03-06T16:17:59","modified_gmt":"2020-03-06T19:17:59","slug":"secretaria-de-desenvolvimento-social-lanca-cadastro-para-reconhecer-pessoas-que-realizam-trabalhos-voluntarios-em-monteiro","status":"publish","type":"post","link":"https:\/\/www.caririemacao.com\/1\/2020\/03\/06\/secretaria-de-desenvolvimento-social-lanca-cadastro-para-reconhecer-pessoas-que-realizam-trabalhos-voluntarios-em-monteiro\/","title":{"rendered":"Secretaria de Desenvolvimento Social lan\u00e7a cadastro para reconhecer pessoas que realizam trabalhos volunt\u00e1rios em Monteiro"},"content":{"rendered":"\n\n\n\n\n<p>A Secretaria de Desenvolvimento Social de Monteiro est\u00e1 criando um mecanismo para identificar, dialogar e colaborar com as dezenas de pessoas do munic\u00edpio que tem uma miss\u00e3o muito bonita em suas vidas e desenvolvem uma fun\u00e7\u00e3o de extrema import\u00e2ncia: O Trabalho Volunt\u00e1rio.<\/p>\n\n\n\n<p>O objetivo da iniciativa da gest\u00e3o municipal \u00e9 identificar e reconhecer as diferentes formas de trabalho volunt\u00e1rio que s\u00e3o desenvolvidas em v\u00e1rios setores do munic\u00edpio, e colaborar com a pr\u00e1tica deste trabalho atrav\u00e9s dos mecanismos que est\u00e3o ao alcance da gest\u00e3o.<\/p>\n\n\n\n<p>Para isto, os volunt\u00e1rios estar\u00e3o sendo convidados a se cadastrarem junto ao munic\u00edpio, no m\u00eas de Mar\u00e7o, no per\u00edodo que vai de 09 \u00e0 30 de Mar\u00e7o, na sede da Secretaria de Desenvolvimento Social, que fica no bairro do Alto de S\u00e3o Vicente, vizinho ao Centro de Gastronomia.<\/p>\n\n\n\n<p>O cadastro pode ser feito no hor\u00e1rio das 08 da manh\u00e3, \u00e0s 13 horas, e para o mesmo \u00e9 necess\u00e1rio apenas o preenchimento de um cadastro, com alguns dados pessoais, e informa\u00e7\u00f5es sobre o trabalho desenvolvido voluntariamente.<\/p>\n\n\n\n<p>\u201cA a\u00e7\u00e3o volunt\u00e1ria vem tomando espa\u00e7o privilegiado, chegando mesmo a ser considerada fundamental para que os projetos de desenvolvimento tenham resultado e n\u00f3s queremos identificar e reconhecer as pessoas que o desenvolvem em nosso munic\u00edpio, para buscarmos forma de juntos aperfei\u00e7oar a sua pr\u00e1tica em prol da popula\u00e7\u00e3o de Monteiro\u201d, explicou a secret\u00e1ria de Desenvolvimento Social Rosa Aleixo.<\/p>\n\n\n\n<p>ASCOM<\/p>\n","protected":false},"excerpt":{"rendered":"<p>A Secretaria de Desenvolvimento Social de Monteiro est\u00e1 criando um mecanismo para identificar, dialogar e colaborar com as dezenas de pessoas do munic\u00edpio que tem&hellip; <\/p>\n","protected":false},"author":2,"featured_media":156808,"comment_status":"closed","ping_status":"closed","sticky":false,"template":"","format":"standard","meta":{"sfsi_plus_gutenberg_text_before_share":"","sfsi_plus_gutenberg_show_text_before_share":"","sfsi_plus_gutenberg_icon_type":"","sfsi_plus_gutenberg_icon_alignemt":"","sfsi_plus_gutenburg_max_per_row":"","footnotes":""},"categories":[2],"tags":[],"class_list":["post-156807","post","type-post","status-publish","format-standard","has-post-thumbnail","hentry","category-geral"],"_links":{"self":[{"href":"https:\/\/www.caririemacao.com\/1\/wp-json\/wp\/v2\/posts\/156807","targetHints":{"allow":["GET"]}}],"collection":[{"href":"https:\/\/www.caririemacao.com\/1\/wp-json\/wp\/v2\/posts"}],"about":[{"href":"https:\/\/www.caririemacao.com\/1\/wp-json\/wp\/v2\/types\/post"}],"author":[{"embeddable":true,"href":"https:\/\/www.caririemacao.com\/1\/wp-json\/wp\/v2\/users\/2"}],"replies":[{"embeddable":true,"href":"https:\/\/www.caririemacao.com\/1\/wp-json\/wp\/v2\/comments?post=156807"}],"version-history":[{"count":2,"href":"https:\/\/www.caririemacao.com\/1\/wp-json\/wp\/v2\/posts\/156807\/revisions"}],"predecessor-version":[{"id":156815,"href":"https:\/\/www.caririemacao.com\/1\/wp-json\/wp\/v2\/posts\/156807\/revisions\/156815"}],"wp:featuredmedia":[{"embeddable":true,"href":"https:\/\/www.caririemacao.com\/1\/wp-json\/wp\/v2\/media\/156808"}],"wp:attachment":[{"href":"https:\/\/www.caririemacao.com\/1\/wp-json\/wp\/v2\/media?parent=156807"}],"wp:term":[{"taxonomy":"category","embeddable":true,"href":"https:\/\/www.caririemacao.com\/1\/wp-json\/wp\/v2\/categories?post=156807"},{"taxonomy":"post_tag","embeddable":true,"href":"https:\/\/www.caririemacao.com\/1\/wp-json\/wp\/v2\/tags?post=156807"}],"curies":[{"name":"wp","href":"https:\/\/api.w.org\/{rel}","templated":true}]}}