{"id":156810,"date":"2020-03-06T16:15:30","date_gmt":"2020-03-06T19:15:30","guid":{"rendered":"http:\/\/www.caririemacao.com\/1\/?p=156810"},"modified":"2020-03-06T16:15:31","modified_gmt":"2020-03-06T19:15:31","slug":"prefeito-adriano-e-comitiva-de-ss-do-umbuzeiro-participam-do-i-encontro-de-direito-eleitoral-do-cariri","status":"publish","type":"post","link":"https:\/\/www.caririemacao.com\/1\/2020\/03\/06\/prefeito-adriano-e-comitiva-de-ss-do-umbuzeiro-participam-do-i-encontro-de-direito-eleitoral-do-cariri\/","title":{"rendered":"Prefeito Adriano e comitiva de SS do Umbuzeiro participam do I Encontro de Direito Eleitoral do Cariri"},"content":{"rendered":"\n<p>O prefeito Adriano Wolff e uma comitiva de vereadores e pr\u00e9-candidatos de S\u00e3o Sebasti\u00e3o do Umbuzeiro participaram do 1\u00ba Encontro de Direito Eleitoral do Cariri.<br>O evento teve como objetivo, tirar todas as d\u00favidas em rela\u00e7\u00e3o ao procedimento daqueles que desejam concorrer a cargos eletivos nas elei\u00e7\u00f5es de 2020, tanto nas chapas majorit\u00e1rias, quanto nas proporcionais.<br>O encontro foi realizado em Monteiro, na C\u00e2mara Municipal, nesta quinta feira, 05, e contou com a participa\u00e7\u00e3o de nomes renomados do direito eleitoral do estado da Para\u00edba: Dr. Andr\u00e9 Motta, Dr. Harrisson Targino, Dr. Eduardo da Costa e Dr. Marcelo Weick.<br>O prefeito Adriano afirmou que o encontro foi de suma import\u00e2ncia para esclarecer pontos estrat\u00e9gicos da campanha eleitoral, e tamb\u00e9m para deixar os pr\u00e9-candidatos \u00e0 par das modifica\u00e7\u00f5es da legisla\u00e7\u00e3o eleitoral que est\u00e3o em vig\u00eancia.<strong><br><\/strong><strong>F\u00c1BIO BRITO<\/strong><\/p>\n","protected":false},"excerpt":{"rendered":"<p>O prefeito Adriano Wolff e uma comitiva de vereadores e pr\u00e9-candidatos de S\u00e3o Sebasti\u00e3o do Umbuzeiro participaram do 1\u00ba Encontro de Direito Eleitoral do Cariri.O&hellip; <\/p>\n","protected":false},"author":2,"featured_media":156811,"comment_status":"closed","ping_status":"closed","sticky":false,"template":"","format":"standard","meta":{"sfsi_plus_gutenberg_text_before_share":"","sfsi_plus_gutenberg_show_text_before_share":"","sfsi_plus_gutenberg_icon_type":"","sfsi_plus_gutenberg_icon_alignemt":"","sfsi_plus_gutenburg_max_per_row":"","footnotes":""},"categories":[2],"tags":[],"class_list":["post-156810","post","type-post","status-publish","format-standard","has-post-thumbnail","hentry","category-geral"],"_links":{"self":[{"href":"https:\/\/www.caririemacao.com\/1\/wp-json\/wp\/v2\/posts\/156810","targetHints":{"allow":["GET"]}}],"collection":[{"href":"https:\/\/www.caririemacao.com\/1\/wp-json\/wp\/v2\/posts"}],"about":[{"href":"https:\/\/www.caririemacao.com\/1\/wp-json\/wp\/v2\/types\/post"}],"author":[{"embeddable":true,"href":"https:\/\/www.caririemacao.com\/1\/wp-json\/wp\/v2\/users\/2"}],"replies":[{"embeddable":true,"href":"https:\/\/www.caririemacao.com\/1\/wp-json\/wp\/v2\/comments?post=156810"}],"version-history":[{"count":1,"href":"https:\/\/www.caririemacao.com\/1\/wp-json\/wp\/v2\/posts\/156810\/revisions"}],"predecessor-version":[{"id":156812,"href":"https:\/\/www.caririemacao.com\/1\/wp-json\/wp\/v2\/posts\/156810\/revisions\/156812"}],"wp:featuredmedia":[{"embeddable":true,"href":"https:\/\/www.caririemacao.com\/1\/wp-json\/wp\/v2\/media\/156811"}],"wp:attachment":[{"href":"https:\/\/www.caririemacao.com\/1\/wp-json\/wp\/v2\/media?parent=156810"}],"wp:term":[{"taxonomy":"category","embeddable":true,"href":"https:\/\/www.caririemacao.com\/1\/wp-json\/wp\/v2\/categories?post=156810"},{"taxonomy":"post_tag","embeddable":true,"href":"https:\/\/www.caririemacao.com\/1\/wp-json\/wp\/v2\/tags?post=156810"}],"curies":[{"name":"wp","href":"https:\/\/api.w.org\/{rel}","templated":true}]}}