{"id":156820,"date":"2020-03-06T18:38:13","date_gmt":"2020-03-06T21:38:13","guid":{"rendered":"http:\/\/www.caririemacao.com\/1\/?p=156820"},"modified":"2020-03-06T18:38:14","modified_gmt":"2020-03-06T21:38:14","slug":"projeto-de-reajuste-do-piso-salarial-dos-professores-e-aprovado-pela-camara-de-vereadores-de-sume","status":"publish","type":"post","link":"https:\/\/www.caririemacao.com\/1\/2020\/03\/06\/projeto-de-reajuste-do-piso-salarial-dos-professores-e-aprovado-pela-camara-de-vereadores-de-sume\/","title":{"rendered":"Projeto de reajuste do piso salarial dos professores \u00e9 aprovado pela C\u00e2mara de Vereadores de Sum\u00e9"},"content":{"rendered":"\n<p>Na reuni\u00e3o da C\u00e2mara\nde Vereadores de Sum\u00e9 ocorrida na noite desta ter\u00e7a-feira (03), os\nparlamentares discutiram o Servi\u00e7o de Inspe\u00e7\u00e3o Municipal (S.I.M).<\/p>\n\n\n\n<p>Participaram do\nencontro membros da vigil\u00e2ncia sanit\u00e1ria, da Empresa Paraibana de Pesquisa,\nExtens\u00e3o Rural e Regulariza\u00e7\u00e3o Fundi\u00e1ria (Empaer), representantes de\nassocia\u00e7\u00f5es e demais convidados.<\/p>\n\n\n\n<p>Dr\u00ba Ricardo Morato, da vigil\u00e2ncia sanit\u00e1ria, explicou que o selo \u00e9 respons\u00e1vel pela inspe\u00e7\u00e3o e fiscaliza\u00e7\u00e3o da produ\u00e7\u00e3o industrial e sanit\u00e1ria dos produtos, \u201cA ideia \u00e9 facilitar a emiss\u00e3o do selo para os produtores\u201d, afirmou.<\/p>\n\n\n\n<figure class=\"wp-block-image size-large\"><img fetchpriority=\"high\" decoding=\"async\" width=\"1024\" height=\"897\" src=\"http:\/\/www.caririemacao.com\/1\/wp-content\/uploads\/2020\/03\/WhatsApp-Image-2020-03-06-at-16.03.17-1024x897.jpeg\" alt=\"\" class=\"wp-image-156824\" srcset=\"https:\/\/www.caririemacao.com\/1\/wp-content\/uploads\/2020\/03\/WhatsApp-Image-2020-03-06-at-16.03.17-1024x897.jpeg 1024w, https:\/\/www.caririemacao.com\/1\/wp-content\/uploads\/2020\/03\/WhatsApp-Image-2020-03-06-at-16.03.17-300x263.jpeg 300w, https:\/\/www.caririemacao.com\/1\/wp-content\/uploads\/2020\/03\/WhatsApp-Image-2020-03-06-at-16.03.17-768x673.jpeg 768w, https:\/\/www.caririemacao.com\/1\/wp-content\/uploads\/2020\/03\/WhatsApp-Image-2020-03-06-at-16.03.17.jpeg 1280w\" sizes=\"(max-width: 1024px) 100vw, 1024px\" \/><\/figure>\n\n\n\n<p>A reuni\u00e3o que tratou sobre o Servi\u00e7o de Inspe\u00e7\u00e3o Municipal (S.I.M), foi apenas para discutir a import\u00e2ncia deste selo, ainda n\u00e3o existe nenhuma defini\u00e7\u00e3o sobre o tema e nem prazos para emiss\u00e3o em Sum\u00e9.<\/p>\n\n\n\n<p>Durante a reuni\u00e3o, o vereador Jos\u00e9 Ant\u00f4nio agradeceu a gest\u00e3o do prefeito \u00c9den Duarte pelo trabalho realizado nas estradas do s\u00edtio porteiras, que ap\u00f3s as chuvas estavam intransit\u00e1veis.<\/p>\n\n\n\n<figure class=\"wp-block-image size-large\"><img decoding=\"async\" width=\"1006\" height=\"1024\" data-src=\"http:\/\/www.caririemacao.com\/1\/wp-content\/uploads\/2020\/03\/WhatsApp-Image-2020-03-06-at-16.03.16-1006x1024.jpeg\" alt=\"\" class=\"wp-image-156826 lazyload\" data-srcset=\"https:\/\/www.caririemacao.com\/1\/wp-content\/uploads\/2020\/03\/WhatsApp-Image-2020-03-06-at-16.03.16-1006x1024.jpeg 1006w, https:\/\/www.caririemacao.com\/1\/wp-content\/uploads\/2020\/03\/WhatsApp-Image-2020-03-06-at-16.03.16-295x300.jpeg 295w, https:\/\/www.caririemacao.com\/1\/wp-content\/uploads\/2020\/03\/WhatsApp-Image-2020-03-06-at-16.03.16-768x782.jpeg 768w, https:\/\/www.caririemacao.com\/1\/wp-content\/uploads\/2020\/03\/WhatsApp-Image-2020-03-06-at-16.03.16.jpeg 1257w\" data-sizes=\"(max-width: 1006px) 100vw, 1006px\" src=\"data:image\/svg+xml;base64,PHN2ZyB3aWR0aD0iMSIgaGVpZ2h0PSIxIiB4bWxucz0iaHR0cDovL3d3dy53My5vcmcvMjAwMC9zdmciPjwvc3ZnPg==\" style=\"--smush-placeholder-width: 1006px; --smush-placeholder-aspect-ratio: 1006\/1024;\" \/><\/figure>\n\n\n\n<p>O vereador Nilson Brito afirmou que ir\u00e1 encaminhar ao prefeito \u00c9den, uma solicita\u00e7\u00e3o para abastecimento de \u00e1gua para zona rural de Sum\u00e9, para a comunidade da Ladeira do Padre.<\/p>\n\n\n\n<figure class=\"wp-block-image size-large\"><img decoding=\"async\" width=\"1024\" height=\"890\" data-src=\"http:\/\/www.caririemacao.com\/1\/wp-content\/uploads\/2020\/03\/WhatsApp-Image-2020-03-06-at-16.03.18-1024x890.jpeg\" alt=\"\" class=\"wp-image-156822 lazyload\" data-srcset=\"https:\/\/www.caririemacao.com\/1\/wp-content\/uploads\/2020\/03\/WhatsApp-Image-2020-03-06-at-16.03.18-1024x890.jpeg 1024w, https:\/\/www.caririemacao.com\/1\/wp-content\/uploads\/2020\/03\/WhatsApp-Image-2020-03-06-at-16.03.18-300x261.jpeg 300w, https:\/\/www.caririemacao.com\/1\/wp-content\/uploads\/2020\/03\/WhatsApp-Image-2020-03-06-at-16.03.18-768x668.jpeg 768w, https:\/\/www.caririemacao.com\/1\/wp-content\/uploads\/2020\/03\/WhatsApp-Image-2020-03-06-at-16.03.18.jpeg 1280w\" data-sizes=\"(max-width: 1024px) 100vw, 1024px\" src=\"data:image\/svg+xml;base64,PHN2ZyB3aWR0aD0iMSIgaGVpZ2h0PSIxIiB4bWxucz0iaHR0cDovL3d3dy53My5vcmcvMjAwMC9zdmciPjwvc3ZnPg==\" style=\"--smush-placeholder-width: 1024px; --smush-placeholder-aspect-ratio: 1024\/890;\" \/><\/figure>\n\n\n\n<p>De acordo com o l\u00edder do governo na C\u00e2mara, Antonio Carlos Sarmento, a reuni\u00e3o foi extremamente import\u00e2ncia e ressaltou a aprova\u00e7\u00e3o do projeto de lei de autoria do Poder Executivo que cria uma nova vaga de t\u00e9cnico em sa\u00fade bucal, no quadro efetivo do munic\u00edpio.<\/p>\n\n\n\n<figure class=\"wp-block-image size-large\"><img decoding=\"async\" width=\"1024\" height=\"892\" data-src=\"http:\/\/www.caririemacao.com\/1\/wp-content\/uploads\/2020\/03\/WhatsApp-Image-2020-03-06-at-16.03.17-1-1024x892.jpeg\" alt=\"\" class=\"wp-image-156827 lazyload\" data-srcset=\"https:\/\/www.caririemacao.com\/1\/wp-content\/uploads\/2020\/03\/WhatsApp-Image-2020-03-06-at-16.03.17-1-1024x892.jpeg 1024w, https:\/\/www.caririemacao.com\/1\/wp-content\/uploads\/2020\/03\/WhatsApp-Image-2020-03-06-at-16.03.17-1-300x261.jpeg 300w, https:\/\/www.caririemacao.com\/1\/wp-content\/uploads\/2020\/03\/WhatsApp-Image-2020-03-06-at-16.03.17-1-768x669.jpeg 768w, https:\/\/www.caririemacao.com\/1\/wp-content\/uploads\/2020\/03\/WhatsApp-Image-2020-03-06-at-16.03.17-1.jpeg 1280w\" data-sizes=\"(max-width: 1024px) 100vw, 1024px\" src=\"data:image\/svg+xml;base64,PHN2ZyB3aWR0aD0iMSIgaGVpZ2h0PSIxIiB4bWxucz0iaHR0cDovL3d3dy53My5vcmcvMjAwMC9zdmciPjwvc3ZnPg==\" style=\"--smush-placeholder-width: 1024px; --smush-placeholder-aspect-ratio: 1024\/892;\" \/><\/figure>\n\n\n\n<p><a href=\"http:\/\/noticiasemdestaque.com\/cd\/wp-content\/uploads\/2020\/03\/DSC_0905.jpg\"><br> <\/a>A vereadora Brigida Xavier, lamentou os cortes realizados pelo governo Jair Bolsonaro no Sistema \u00danico de Assist\u00eancia Social, modelo de gest\u00e3o utilizado no Brasil para operacionalizar as a\u00e7\u00f5es de assist\u00eancia social, prejudicando \u00e0 popula\u00e7\u00e3o mais carente.<\/p>\n\n\n\n<figure class=\"wp-block-image size-large\"><img decoding=\"async\" width=\"757\" height=\"1024\" data-src=\"http:\/\/www.caririemacao.com\/1\/wp-content\/uploads\/2020\/03\/WhatsApp-Image-2020-03-06-at-16.03.18-2-757x1024.jpeg\" alt=\"\" class=\"wp-image-156825 lazyload\" data-srcset=\"https:\/\/www.caririemacao.com\/1\/wp-content\/uploads\/2020\/03\/WhatsApp-Image-2020-03-06-at-16.03.18-2-757x1024.jpeg 757w, https:\/\/www.caririemacao.com\/1\/wp-content\/uploads\/2020\/03\/WhatsApp-Image-2020-03-06-at-16.03.18-2-222x300.jpeg 222w, https:\/\/www.caririemacao.com\/1\/wp-content\/uploads\/2020\/03\/WhatsApp-Image-2020-03-06-at-16.03.18-2-768x1039.jpeg 768w, https:\/\/www.caririemacao.com\/1\/wp-content\/uploads\/2020\/03\/WhatsApp-Image-2020-03-06-at-16.03.18-2.jpeg 946w\" data-sizes=\"(max-width: 757px) 100vw, 757px\" src=\"data:image\/svg+xml;base64,PHN2ZyB3aWR0aD0iMSIgaGVpZ2h0PSIxIiB4bWxucz0iaHR0cDovL3d3dy53My5vcmcvMjAwMC9zdmciPjwvc3ZnPg==\" style=\"--smush-placeholder-width: 757px; --smush-placeholder-aspect-ratio: 757\/1024;\" \/><\/figure>\n\n\n\n<p>Foi aprovado o\nprojeto de lei 577\/2020 de autoria do Poder Executivo que altera os padr\u00f5es de\nvencimentos do cargo de provimento efetivo de professor fundamental II em 5%,\nretroativo a 1\u00ba de fevereiro de 2020, essa categoria j\u00e1 recebe os vencimentos\nacima do valor do piso.<\/p>\n\n\n\n<p>Foi aprovado o\nprojeto de lei 578\/2020 de autoria do Poder Executivo que altera os padr\u00f5es de\nvencimento \u00fanico do cargo de provimento efetivo de professor do ensino\nfundamental I em 12,83 %, inclusive retroativo a 1\u00ba de janeiro de 2020.<\/p>\n\n\n\n<p>Ascom\/C\u00e2mara<\/p>\n","protected":false},"excerpt":{"rendered":"<p>Na reuni\u00e3o da C\u00e2mara de Vereadores de Sum\u00e9 ocorrida na noite desta ter\u00e7a-feira (03), os parlamentares discutiram o Servi\u00e7o de Inspe\u00e7\u00e3o Municipal (S.I.M). Participaram do&hellip; <\/p>\n","protected":false},"author":1,"featured_media":156823,"comment_status":"closed","ping_status":"closed","sticky":false,"template":"","format":"standard","meta":{"sfsi_plus_gutenberg_text_before_share":"","sfsi_plus_gutenberg_show_text_before_share":"","sfsi_plus_gutenberg_icon_type":"","sfsi_plus_gutenberg_icon_alignemt":"","sfsi_plus_gutenburg_max_per_row":"","footnotes":""},"categories":[6,50],"tags":[],"class_list":["post-156820","post","type-post","status-publish","format-standard","has-post-thumbnail","hentry","category-cidades","category-destaque"],"_links":{"self":[{"href":"https:\/\/www.caririemacao.com\/1\/wp-json\/wp\/v2\/posts\/156820","targetHints":{"allow":["GET"]}}],"collection":[{"href":"https:\/\/www.caririemacao.com\/1\/wp-json\/wp\/v2\/posts"}],"about":[{"href":"https:\/\/www.caririemacao.com\/1\/wp-json\/wp\/v2\/types\/post"}],"author":[{"embeddable":true,"href":"https:\/\/www.caririemacao.com\/1\/wp-json\/wp\/v2\/users\/1"}],"replies":[{"embeddable":true,"href":"https:\/\/www.caririemacao.com\/1\/wp-json\/wp\/v2\/comments?post=156820"}],"version-history":[{"count":2,"href":"https:\/\/www.caririemacao.com\/1\/wp-json\/wp\/v2\/posts\/156820\/revisions"}],"predecessor-version":[{"id":156828,"href":"https:\/\/www.caririemacao.com\/1\/wp-json\/wp\/v2\/posts\/156820\/revisions\/156828"}],"wp:featuredmedia":[{"embeddable":true,"href":"https:\/\/www.caririemacao.com\/1\/wp-json\/wp\/v2\/media\/156823"}],"wp:attachment":[{"href":"https:\/\/www.caririemacao.com\/1\/wp-json\/wp\/v2\/media?parent=156820"}],"wp:term":[{"taxonomy":"category","embeddable":true,"href":"https:\/\/www.caririemacao.com\/1\/wp-json\/wp\/v2\/categories?post=156820"},{"taxonomy":"post_tag","embeddable":true,"href":"https:\/\/www.caririemacao.com\/1\/wp-json\/wp\/v2\/tags?post=156820"}],"curies":[{"name":"wp","href":"https:\/\/api.w.org\/{rel}","templated":true}]}}