{"id":156840,"date":"2020-03-07T06:42:40","date_gmt":"2020-03-07T09:42:40","guid":{"rendered":"http:\/\/www.caririemacao.com\/1\/?p=156840"},"modified":"2020-03-07T06:42:42","modified_gmt":"2020-03-07T09:42:42","slug":"jovem-da-a-luz-dentro-de-carro-motorista-perde-controle-e-se-envolve-em-acidente-durante-o-parto-na-paraiba","status":"publish","type":"post","link":"https:\/\/www.caririemacao.com\/1\/2020\/03\/07\/jovem-da-a-luz-dentro-de-carro-motorista-perde-controle-e-se-envolve-em-acidente-durante-o-parto-na-paraiba\/","title":{"rendered":"Jovem d\u00e1 \u00e0 luz dentro de carro, motorista perde controle e se envolve em acidente durante o parto, na Para\u00edba"},"content":{"rendered":"\n<p>Em plena rodovia PB-085, que liga as cidades de Sert\u00e3ozinho e Pirpirituba, no Sert\u00e3o da Para\u00edba, uma jovem de 24 anos deu \u00e0 luz a uma menina em meio a uma trag\u00e9dia. O motorista que conduzia o ve\u00edculo ficou nervoso ao saber do trabalho de parto e, de acordo com o&nbsp;cunhado da mulher, acabou perdendo&nbsp;o controle do ve\u00edculo quando estava a caminho do&nbsp;Hospital Regional de Guarabira.&nbsp;<br><\/p>\n\n\n\n<p>Segundo o motorista, a jovem Josimara Soares iniciou o processo de parto ainda em casa durante a madrugada, quando eles sa\u00edram&nbsp;a caminho da cidade de Guarabira rumo ao Hospital, ela sentiu fortes dores, n\u00e3o aguentando chegar at\u00e9 o local.&nbsp;<\/p>\n\n\n\n<p>Os familiares disseram que a beb\u00ea nasceu sem chorar e a m\u00e3e teria retirado as secre\u00e7\u00f5es do beb\u00ea para ele poder respirar, at\u00e9 esperar a chegada do Servi\u00e7o de Atendimento M\u00f3vel de Urg\u00eancia (Samu) que chegou para prestar os primeiros socorros \u00e0 m\u00e3e e ao beb\u00ea, que recebeu o nome de David Levy.&nbsp;<\/p>\n\n\n\n<p>Em seguida, eles foram encaminhados para Hospital Regional de Guarabira, ambos n\u00e3o tiveram nenhum ferimento, apesar do acidente, j\u00e1 que o carro desceu uma ribanceira. Eles devem receber alta no s\u00e1bado (7).&nbsp;<\/p>\n","protected":false},"excerpt":{"rendered":"<p>Em plena rodovia PB-085, que liga as cidades de Sert\u00e3ozinho e Pirpirituba, no Sert\u00e3o da Para\u00edba, uma jovem de 24 anos deu \u00e0 luz a&hellip; <\/p>\n","protected":false},"author":2,"featured_media":156842,"comment_status":"closed","ping_status":"closed","sticky":false,"template":"","format":"standard","meta":{"sfsi_plus_gutenberg_text_before_share":"","sfsi_plus_gutenberg_show_text_before_share":"","sfsi_plus_gutenberg_icon_type":"","sfsi_plus_gutenberg_icon_alignemt":"","sfsi_plus_gutenburg_max_per_row":"","footnotes":""},"categories":[2],"tags":[],"class_list":["post-156840","post","type-post","status-publish","format-standard","has-post-thumbnail","hentry","category-geral"],"_links":{"self":[{"href":"https:\/\/www.caririemacao.com\/1\/wp-json\/wp\/v2\/posts\/156840","targetHints":{"allow":["GET"]}}],"collection":[{"href":"https:\/\/www.caririemacao.com\/1\/wp-json\/wp\/v2\/posts"}],"about":[{"href":"https:\/\/www.caririemacao.com\/1\/wp-json\/wp\/v2\/types\/post"}],"author":[{"embeddable":true,"href":"https:\/\/www.caririemacao.com\/1\/wp-json\/wp\/v2\/users\/2"}],"replies":[{"embeddable":true,"href":"https:\/\/www.caririemacao.com\/1\/wp-json\/wp\/v2\/comments?post=156840"}],"version-history":[{"count":1,"href":"https:\/\/www.caririemacao.com\/1\/wp-json\/wp\/v2\/posts\/156840\/revisions"}],"predecessor-version":[{"id":156843,"href":"https:\/\/www.caririemacao.com\/1\/wp-json\/wp\/v2\/posts\/156840\/revisions\/156843"}],"wp:featuredmedia":[{"embeddable":true,"href":"https:\/\/www.caririemacao.com\/1\/wp-json\/wp\/v2\/media\/156842"}],"wp:attachment":[{"href":"https:\/\/www.caririemacao.com\/1\/wp-json\/wp\/v2\/media?parent=156840"}],"wp:term":[{"taxonomy":"category","embeddable":true,"href":"https:\/\/www.caririemacao.com\/1\/wp-json\/wp\/v2\/categories?post=156840"},{"taxonomy":"post_tag","embeddable":true,"href":"https:\/\/www.caririemacao.com\/1\/wp-json\/wp\/v2\/tags?post=156840"}],"curies":[{"name":"wp","href":"https:\/\/api.w.org\/{rel}","templated":true}]}}