{"id":156841,"date":"2020-03-07T06:44:11","date_gmt":"2020-03-07T09:44:11","guid":{"rendered":"http:\/\/www.caririemacao.com\/1\/?p=156841"},"modified":"2020-03-07T06:44:12","modified_gmt":"2020-03-07T09:44:12","slug":"congo-podera-perder-ambulancia-se-prefeito-nao-cadastrar-proposta","status":"publish","type":"post","link":"https:\/\/www.caririemacao.com\/1\/2020\/03\/07\/congo-podera-perder-ambulancia-se-prefeito-nao-cadastrar-proposta\/","title":{"rendered":"Congo poder\u00e1 perder ambul\u00e2ncia se prefeito n\u00e3o cadastrar proposta"},"content":{"rendered":"\n<p>A Prefeitura do Congo tem at\u00e9 dia 15 de mar\u00e7o para realizar o cadastramento da proposta para receber recursos para aquisi\u00e7\u00e3o de uma ambul\u00e2ncia que atender\u00e1 a popula\u00e7\u00e3o do munic\u00edpio.<\/p>\n\n\n\n<p>Caso a prefeitura n\u00e3o realize o cadastramento da proposta junto ao Governo Federal at\u00e9 a data limite de 15 deste m\u00eas, a popula\u00e7\u00e3o corre o risco de ficar sem o atendimento desta nova ambul\u00e2ncia, resultado de uma emenda parlamentar do deputado Federal Gerv\u00e1sio Maia apoiado pelo grupo do ex-prefeito de Congo, Dr. Romualdo.<\/p>\n\n\n\n<p>O deputado Gerv\u00e1sio disse que j\u00e1 foi encaminhado um of\u00edcio\npara a Prefeitura Municipal do Congo informando \u00e0 destina\u00e7\u00e3o de R$ 225.000,00\npara aquisi\u00e7\u00e3o de uma ambul\u00e2ncia. A Emenda Individual Impositiva foi solicitada\npelo ex-prefeito Dr. Romualdo, que \u00e9 m\u00e9dico e conhece bem as necessidades da\nsa\u00fade do munic\u00edpio.<\/p>\n\n\n\n<p>De acordo com Dr. Romualdo a ambul\u00e2ncia veio em boa hora,\nvisto que a \u00fanica ambul\u00e2ncia grande que a sa\u00fade do Congo possui foi comprada\nainda na sua gest\u00e3o e n\u00e3o est\u00e1 em boas condi\u00e7\u00f5es de atendimento \u00e0s urg\u00eancia e\nemerg\u00eancias do munic\u00edpio.<\/p>\n","protected":false},"excerpt":{"rendered":"<p>A Prefeitura do Congo tem at\u00e9 dia 15 de mar\u00e7o para realizar o cadastramento da proposta para receber recursos para aquisi\u00e7\u00e3o de uma ambul\u00e2ncia que&hellip; <\/p>\n","protected":false},"author":1,"featured_media":72177,"comment_status":"closed","ping_status":"closed","sticky":false,"template":"","format":"standard","meta":{"sfsi_plus_gutenberg_text_before_share":"","sfsi_plus_gutenberg_show_text_before_share":"","sfsi_plus_gutenberg_icon_type":"","sfsi_plus_gutenberg_icon_alignemt":"","sfsi_plus_gutenburg_max_per_row":"","footnotes":""},"categories":[6,50],"tags":[],"class_list":["post-156841","post","type-post","status-publish","format-standard","has-post-thumbnail","hentry","category-cidades","category-destaque"],"_links":{"self":[{"href":"https:\/\/www.caririemacao.com\/1\/wp-json\/wp\/v2\/posts\/156841","targetHints":{"allow":["GET"]}}],"collection":[{"href":"https:\/\/www.caririemacao.com\/1\/wp-json\/wp\/v2\/posts"}],"about":[{"href":"https:\/\/www.caririemacao.com\/1\/wp-json\/wp\/v2\/types\/post"}],"author":[{"embeddable":true,"href":"https:\/\/www.caririemacao.com\/1\/wp-json\/wp\/v2\/users\/1"}],"replies":[{"embeddable":true,"href":"https:\/\/www.caririemacao.com\/1\/wp-json\/wp\/v2\/comments?post=156841"}],"version-history":[{"count":1,"href":"https:\/\/www.caririemacao.com\/1\/wp-json\/wp\/v2\/posts\/156841\/revisions"}],"predecessor-version":[{"id":156848,"href":"https:\/\/www.caririemacao.com\/1\/wp-json\/wp\/v2\/posts\/156841\/revisions\/156848"}],"wp:featuredmedia":[{"embeddable":true,"href":"https:\/\/www.caririemacao.com\/1\/wp-json\/wp\/v2\/media\/72177"}],"wp:attachment":[{"href":"https:\/\/www.caririemacao.com\/1\/wp-json\/wp\/v2\/media?parent=156841"}],"wp:term":[{"taxonomy":"category","embeddable":true,"href":"https:\/\/www.caririemacao.com\/1\/wp-json\/wp\/v2\/categories?post=156841"},{"taxonomy":"post_tag","embeddable":true,"href":"https:\/\/www.caririemacao.com\/1\/wp-json\/wp\/v2\/tags?post=156841"}],"curies":[{"name":"wp","href":"https:\/\/api.w.org\/{rel}","templated":true}]}}