{"id":156844,"date":"2020-03-07T06:43:59","date_gmt":"2020-03-07T09:43:59","guid":{"rendered":"http:\/\/www.caririemacao.com\/1\/?p=156844"},"modified":"2020-03-07T06:44:01","modified_gmt":"2020-03-07T09:44:01","slug":"cidadania-define-candidaturas-proprias-e-aliancas-ate-abril-diz-joao-azevedo","status":"publish","type":"post","link":"https:\/\/www.caririemacao.com\/1\/2020\/03\/07\/cidadania-define-candidaturas-proprias-e-aliancas-ate-abril-diz-joao-azevedo\/","title":{"rendered":"Cidadania define candidaturas pr\u00f3prias e alian\u00e7as at\u00e9 abril, diz Jo\u00e3o Azev\u00eado"},"content":{"rendered":"\n<p>O governador Jo\u00e3o Azev\u00eado revelou em entrevista coletiva concedida nesta sexta-feira (06) que o Cidadania dever\u00e1 se reunir entre o fim de mar\u00e7o e o in\u00edcio de abril para apresentar o que for definido em rela\u00e7\u00e3o \u00e0s elei\u00e7\u00f5es de 2020. Existe a expectativa de candidatura pr\u00f3pria do partido para o cargo de prefeito nas principais cidades do estado.<\/p>\n\n\n\n<p>\u201cO Cidadania \u00e9 um partido que, efetivamente, j\u00e1 filiou um conjunto muito grande de prefeitos. Faremos uma grande reuni\u00e3o no final de mar\u00e7o, in\u00edcio de abril, para que a gente possa apresentar \u00e0 sociedade paraibana como iremos participar da campanha em 2020\u201d, comentou Jo\u00e3o Azev\u00eado, Ele ressaltou tamb\u00e9m que \u201cJo\u00e3o Pessoa, Campina Grande, Sousa, Patos, ter\u00e3o um olhar diferenciado. Estamos ainda nessa discuss\u00e3o ainda se vamos ter candidato, se vamos fazer algum tipo de alian\u00e7a\u201d.<\/p>\n\n\n\n<p>Jo\u00e3o Azev\u00eado declarou que o partido ainda n\u00e3o est\u00e1 debatendo indica\u00e7\u00e3o de nomes para a disputa, mas permanece \u201cdiscutindo conceitos ainda em rela\u00e7\u00e3o \u00e0 participa\u00e7\u00e3o nossa em todos os munic\u00edpios da Para\u00edba\u201d. Sem antecipar nomes, Jo\u00e3o comentou que h\u00e1 v\u00e1rios postulantes para as cidades de Jo\u00e3o Pessoa e Campina Grande.<\/p>\n\n\n\n<p>\u201cN\u00e3o posso adiantar nenhum nome porque evidentemente nenhum nome est\u00e1 fechado. N\u00f3s precisamos sentar, verificar quem tem melhores condi\u00e7\u00f5es de fazer uma disputa real, de fazer uma disputa real com o objetivo de fazer uma gest\u00e3o que seja voltada para o interesse p\u00fablico\u201d, afirmou.<\/p>\n","protected":false},"excerpt":{"rendered":"<p>O governador Jo\u00e3o Azev\u00eado revelou em entrevista coletiva concedida nesta sexta-feira (06) que o Cidadania dever\u00e1 se reunir entre o fim de mar\u00e7o e o&hellip; <\/p>\n","protected":false},"author":2,"featured_media":156845,"comment_status":"closed","ping_status":"closed","sticky":false,"template":"","format":"standard","meta":{"sfsi_plus_gutenberg_text_before_share":"","sfsi_plus_gutenberg_show_text_before_share":"","sfsi_plus_gutenberg_icon_type":"","sfsi_plus_gutenberg_icon_alignemt":"","sfsi_plus_gutenburg_max_per_row":"","footnotes":""},"categories":[11],"tags":[],"class_list":["post-156844","post","type-post","status-publish","format-standard","has-post-thumbnail","hentry","category-politica"],"_links":{"self":[{"href":"https:\/\/www.caririemacao.com\/1\/wp-json\/wp\/v2\/posts\/156844","targetHints":{"allow":["GET"]}}],"collection":[{"href":"https:\/\/www.caririemacao.com\/1\/wp-json\/wp\/v2\/posts"}],"about":[{"href":"https:\/\/www.caririemacao.com\/1\/wp-json\/wp\/v2\/types\/post"}],"author":[{"embeddable":true,"href":"https:\/\/www.caririemacao.com\/1\/wp-json\/wp\/v2\/users\/2"}],"replies":[{"embeddable":true,"href":"https:\/\/www.caririemacao.com\/1\/wp-json\/wp\/v2\/comments?post=156844"}],"version-history":[{"count":1,"href":"https:\/\/www.caririemacao.com\/1\/wp-json\/wp\/v2\/posts\/156844\/revisions"}],"predecessor-version":[{"id":156846,"href":"https:\/\/www.caririemacao.com\/1\/wp-json\/wp\/v2\/posts\/156844\/revisions\/156846"}],"wp:featuredmedia":[{"embeddable":true,"href":"https:\/\/www.caririemacao.com\/1\/wp-json\/wp\/v2\/media\/156845"}],"wp:attachment":[{"href":"https:\/\/www.caririemacao.com\/1\/wp-json\/wp\/v2\/media?parent=156844"}],"wp:term":[{"taxonomy":"category","embeddable":true,"href":"https:\/\/www.caririemacao.com\/1\/wp-json\/wp\/v2\/categories?post=156844"},{"taxonomy":"post_tag","embeddable":true,"href":"https:\/\/www.caririemacao.com\/1\/wp-json\/wp\/v2\/tags?post=156844"}],"curies":[{"name":"wp","href":"https:\/\/api.w.org\/{rel}","templated":true}]}}