{"id":156850,"date":"2020-03-07T06:47:33","date_gmt":"2020-03-07T09:47:33","guid":{"rendered":"http:\/\/www.caririemacao.com\/1\/?p=156850"},"modified":"2020-03-07T06:47:35","modified_gmt":"2020-03-07T09:47:35","slug":"bolsonaro-diz-que-nao-ha-motivo-para-panico-sobre-o-coronavirus","status":"publish","type":"post","link":"https:\/\/www.caririemacao.com\/1\/2020\/03\/07\/bolsonaro-diz-que-nao-ha-motivo-para-panico-sobre-o-coronavirus\/","title":{"rendered":"Bolsonaro diz que n\u00e3o h\u00e1 motivo para p\u00e2nico sobre o coronav\u00edrus"},"content":{"rendered":"\n<p>O presidente Jair Bolsonaro fez um pronunciamento na noite desta sexta-feira (6) para tranquilizar a popula\u00e7\u00e3o a respeito da chegada do novo coronav\u00edrus no pa\u00eds e convocar a popula\u00e7\u00e3o, em especial os profissionais de sa\u00fade, para um trabalho conjunto com o governo para superar a situa\u00e7\u00e3o.<\/p>\n\n\n\n<p>O primeiro caso foi confirmado pelo Minist\u00e9rio da Sa\u00fade no s\u00e1bado (29) e segundo \u00faltimo boletim publicado hoje o pa\u00eds conta com 13 pacientes infectados pelo v\u00edrus e 768 casos suspeitos.<\/p>\n\n\n\n<p>O Brasil foi o primeiro pa\u00eds da Am\u00e9rica do Sul a lidar com a enfermidade e, de acordo com o presidente, refor\u00e7ou o sistema de vigil\u00e2ncia em portos, aeroportos e unidades de sa\u00fade. Bolsonaro destacou que o governo tamb\u00e9m vem transmitindo informa\u00e7\u00f5es di\u00e1rias e transparentes a estados e munic\u00edpios.<\/p>\n\n\n\n<p>\u201cDeterminei a\u00e7\u00f5es que ampliam o funcionamento dos postos de sa\u00fade, bem como refor\u00e7o aos nossos hospitais e laborat\u00f3rios. O momento \u00e9 de uni\u00e3o. Ainda que o problema possa se agravar, n\u00e3o h\u00e1 motivo para p\u00e2nico. Seguir rigorosamente as recomenda\u00e7\u00f5es dos especialistas \u00e9 a melhor medida de preven\u00e7\u00e3o\u201d, disse o presidente.<\/p>\n","protected":false},"excerpt":{"rendered":"<p>O presidente Jair Bolsonaro fez um pronunciamento na noite desta sexta-feira (6) para tranquilizar a popula\u00e7\u00e3o a respeito da chegada do novo coronav\u00edrus no pa\u00eds&hellip; <\/p>\n","protected":false},"author":2,"featured_media":156849,"comment_status":"closed","ping_status":"closed","sticky":false,"template":"","format":"standard","meta":{"sfsi_plus_gutenberg_text_before_share":"","sfsi_plus_gutenberg_show_text_before_share":"","sfsi_plus_gutenberg_icon_type":"","sfsi_plus_gutenberg_icon_alignemt":"","sfsi_plus_gutenburg_max_per_row":"","footnotes":""},"categories":[2],"tags":[],"class_list":["post-156850","post","type-post","status-publish","format-standard","has-post-thumbnail","hentry","category-geral"],"_links":{"self":[{"href":"https:\/\/www.caririemacao.com\/1\/wp-json\/wp\/v2\/posts\/156850","targetHints":{"allow":["GET"]}}],"collection":[{"href":"https:\/\/www.caririemacao.com\/1\/wp-json\/wp\/v2\/posts"}],"about":[{"href":"https:\/\/www.caririemacao.com\/1\/wp-json\/wp\/v2\/types\/post"}],"author":[{"embeddable":true,"href":"https:\/\/www.caririemacao.com\/1\/wp-json\/wp\/v2\/users\/2"}],"replies":[{"embeddable":true,"href":"https:\/\/www.caririemacao.com\/1\/wp-json\/wp\/v2\/comments?post=156850"}],"version-history":[{"count":1,"href":"https:\/\/www.caririemacao.com\/1\/wp-json\/wp\/v2\/posts\/156850\/revisions"}],"predecessor-version":[{"id":156851,"href":"https:\/\/www.caririemacao.com\/1\/wp-json\/wp\/v2\/posts\/156850\/revisions\/156851"}],"wp:featuredmedia":[{"embeddable":true,"href":"https:\/\/www.caririemacao.com\/1\/wp-json\/wp\/v2\/media\/156849"}],"wp:attachment":[{"href":"https:\/\/www.caririemacao.com\/1\/wp-json\/wp\/v2\/media?parent=156850"}],"wp:term":[{"taxonomy":"category","embeddable":true,"href":"https:\/\/www.caririemacao.com\/1\/wp-json\/wp\/v2\/categories?post=156850"},{"taxonomy":"post_tag","embeddable":true,"href":"https:\/\/www.caririemacao.com\/1\/wp-json\/wp\/v2\/tags?post=156850"}],"curies":[{"name":"wp","href":"https:\/\/api.w.org\/{rel}","templated":true}]}}