{"id":156855,"date":"2020-03-07T07:23:33","date_gmt":"2020-03-07T10:23:33","guid":{"rendered":"http:\/\/www.caririemacao.com\/1\/?p=156855"},"modified":"2020-03-07T07:23:34","modified_gmt":"2020-03-07T10:23:34","slug":"dolar-tem-primeira-queda-depois-de-12-dias-de-alta","status":"publish","type":"post","link":"https:\/\/www.caririemacao.com\/1\/2020\/03\/07\/dolar-tem-primeira-queda-depois-de-12-dias-de-alta\/","title":{"rendered":"D\u00f3lar tem primeira queda depois de 12 dias de alta"},"content":{"rendered":"\n<p>Pela primeira vez depois de 12 sess\u00f5es seguidas de alta, o d\u00f3lar caiu com a ajuda do Banco Central (BC), que interveio no c\u00e2mbio. Influenciada pelo exterior, a bolsa de valores teve mais uma forte queda e fechou abaixo de 100 mil pontos pela primeira vez desde o fim&nbsp;de agosto.<\/p>\n\n\n\n<p>O d\u00f3lar comercial encerrou esta&nbsp;sexta-feira (6) vendido a R$ 4,634, com queda de R$&nbsp;<a href=\"callto:0,017 (-0,36\">0,017 (-0,36<\/a>%). De manh\u00e3, a divisa alternou momentos de alta e de baixa. Na m\u00e1xima do dia, por volta das 9h30, encostou em R$ 4,67, mas inverteu o movimento e passou a operar em queda ao longo de toda a tarde.<\/p>\n\n\n\n<p>Desde o come\u00e7o do ano, o d\u00f3lar acumula valoriza\u00e7\u00e3o de 15,47%. O real tornou-se a moeda que mais se desvalorizou em todo o planeta em 2020. O euro comercial n\u00e3o teve o mesmo comportamento do d\u00f3lar e continuou a subir. A moeda voltou a bater recorde nominal e fechou vendido a R$ 5,245, com alta de 1,32%.<\/p>\n\n\n\n<p>O Banco Central leiloou US$ 2 bilh\u00f5es em novos contratos de&nbsp;<em>swap<\/em>&nbsp;cambial, que equivalem \u00e0 venda de d\u00f3lares no mercado futuro. O BC promoveu dois leil\u00f5es de manh\u00e3. At\u00e9 o in\u00edcio da noite, a autoridade monet\u00e1ria n\u00e3o tinha anunciado novos leil\u00f5es de&nbsp;<em>swap<\/em>&nbsp;na&nbsp;segunda-feira (9).<\/p>\n\n\n\n<p>O mercado de a\u00e7\u00f5es teve mais um dia marcado pelo nervosismo. O \u00edndice Ibovespa, da B3 (antiga Bolsa de Valores de S\u00e3o Paulo), encerrou a sexta-feira aos 97.977 pontos, com recuo de 4,14%.&nbsp;Ontem (5), o \u00edndice tinha ca\u00eddo 4,65%. O Ibovespa seguiu as principais bolsas mundiais, que tamb\u00e9m registraram fortes quedas.<\/p>\n\n\n\n<p>Nas \u00faltimas semanas, o mercado financeiro em todo o mundo tem atravessado turbul\u00eancias em meio ao receio do impacto do coronav\u00edrus sobre a economia global. Recentemente, a Organiza\u00e7\u00e3o para a Coopera\u00e7\u00e3o e Desenvolvimento Econ\u00f4mico (OCDE)&nbsp;<a href=\"https:\/\/agenciabrasil.ebc.com.br\/economia\/noticia\/2020-03\/ocde-preve-crescimento-menor-da-economia-global-devido-ao-coronavirus\" target=\"_blank\" rel=\"noreferrer noopener\">reduziu, de 2,9% para 2,4%<\/a>, a previs\u00e3o de crescimento econ\u00f4mico mundial para 2020.<\/p>\n\n\n\n<p>A decis\u00e3o do Federal Reserve (Fed), Banco Central norte-americano, de&nbsp;<a href=\"https:\/\/agenciabrasil.ebc.com.br\/economia\/noticia\/2020-03\/bc-dos-eua-corta-juros-emergencialmente-devido-ao-coronavirus\" target=\"_blank\" rel=\"noreferrer noopener\">reduzir&nbsp;<\/a>os juros b\u00e1sicos dos Estados Unidos em car\u00e1ter&nbsp;emergencial pode for\u00e7ar o Banco Central brasileiro a reduzir a taxa Selic (juros b\u00e1sicos da economia) na pr\u00f3xima reuni\u00e3o do Comit\u00ea de Pol\u00edtica Monet\u00e1ria (Copom), nos pr\u00f3ximos dias 17 e 18.<\/p>\n\n\n\n<p>Com as principais cadeias internacionais de produ\u00e7\u00e3o afetadas por causa da interrup\u00e7\u00e3o da atividade industrial na China, ind\u00fastrias de diversos pa\u00edses, inclusive do Brasil, sofrem com a falta de mat\u00e9ria-prima para fabricar e montar produtos.<\/p>\n\n\n\n<p>A desacelera\u00e7\u00e3o da China,&nbsp;segunda&nbsp;maior economia do planeta, tamb\u00e9m pode fazer o pa\u00eds asi\u00e1tico consumir menos insumos, min\u00e9rios e produtos agropecu\u00e1rios brasileiros. Uma eventual redu\u00e7\u00e3o das exporta\u00e7\u00f5es para o principal parceiro comercial do Brasil reduz a entrada de d\u00f3lares, pressionando a cota\u00e7\u00e3o.<\/p>\n\n\n\n<p>Entre os fatores dom\u00e9sticos que t\u00eam provocado a valoriza\u00e7\u00e3o do d\u00f3lar, est\u00e1 a decis\u00e3o recente do Comit\u00ea de Pol\u00edtica Monet\u00e1ria (Copom) do Banco Central de reduzir a taxa Selic \u2013 juros b\u00e1sicos \u2013 para 4,25% ao ano, o menor n\u00edvel da hist\u00f3ria. Juros mais baixos desestimulam a entrada de capitais estrangeiros no Brasil, tamb\u00e9m puxando a cota\u00e7\u00e3o para cima.&nbsp;Ontem&nbsp;(5), o ministro da Economia,&nbsp;<a href=\"https:\/\/agenciabrasil.ebc.com.br\/economia\/noticia\/2020-03\/guedes-diz-que-economia-esta-reacelerando\" target=\"_blank\" rel=\"noreferrer noopener\">Paulo Guedes<\/a>, atribuiu a desvaloriza\u00e7\u00e3o do real \u00e0 desacelera\u00e7\u00e3o da economia global, aos efeitos do coronav\u00edrus e \u00e0 queda dos juros.<\/p>\n","protected":false},"excerpt":{"rendered":"<p>Pela primeira vez depois de 12 sess\u00f5es seguidas de alta, o d\u00f3lar caiu com a ajuda do Banco Central (BC), que interveio no c\u00e2mbio. Influenciada&hellip; <\/p>\n","protected":false},"author":2,"featured_media":107924,"comment_status":"closed","ping_status":"closed","sticky":false,"template":"","format":"standard","meta":{"sfsi_plus_gutenberg_text_before_share":"","sfsi_plus_gutenberg_show_text_before_share":"","sfsi_plus_gutenberg_icon_type":"","sfsi_plus_gutenberg_icon_alignemt":"","sfsi_plus_gutenburg_max_per_row":"","footnotes":""},"categories":[2],"tags":[],"class_list":["post-156855","post","type-post","status-publish","format-standard","has-post-thumbnail","hentry","category-geral"],"_links":{"self":[{"href":"https:\/\/www.caririemacao.com\/1\/wp-json\/wp\/v2\/posts\/156855","targetHints":{"allow":["GET"]}}],"collection":[{"href":"https:\/\/www.caririemacao.com\/1\/wp-json\/wp\/v2\/posts"}],"about":[{"href":"https:\/\/www.caririemacao.com\/1\/wp-json\/wp\/v2\/types\/post"}],"author":[{"embeddable":true,"href":"https:\/\/www.caririemacao.com\/1\/wp-json\/wp\/v2\/users\/2"}],"replies":[{"embeddable":true,"href":"https:\/\/www.caririemacao.com\/1\/wp-json\/wp\/v2\/comments?post=156855"}],"version-history":[{"count":1,"href":"https:\/\/www.caririemacao.com\/1\/wp-json\/wp\/v2\/posts\/156855\/revisions"}],"predecessor-version":[{"id":156861,"href":"https:\/\/www.caririemacao.com\/1\/wp-json\/wp\/v2\/posts\/156855\/revisions\/156861"}],"wp:featuredmedia":[{"embeddable":true,"href":"https:\/\/www.caririemacao.com\/1\/wp-json\/wp\/v2\/media\/107924"}],"wp:attachment":[{"href":"https:\/\/www.caririemacao.com\/1\/wp-json\/wp\/v2\/media?parent=156855"}],"wp:term":[{"taxonomy":"category","embeddable":true,"href":"https:\/\/www.caririemacao.com\/1\/wp-json\/wp\/v2\/categories?post=156855"},{"taxonomy":"post_tag","embeddable":true,"href":"https:\/\/www.caririemacao.com\/1\/wp-json\/wp\/v2\/tags?post=156855"}],"curies":[{"name":"wp","href":"https:\/\/api.w.org\/{rel}","templated":true}]}}