{"id":156856,"date":"2020-03-07T06:59:49","date_gmt":"2020-03-07T09:59:49","guid":{"rendered":"http:\/\/www.caririemacao.com\/1\/?p=156856"},"modified":"2020-03-07T07:11:10","modified_gmt":"2020-03-07T10:11:10","slug":"em-sume-moradores-de-loteamento-reclamam-de-falta-de-energia","status":"publish","type":"post","link":"https:\/\/www.caririemacao.com\/1\/2020\/03\/07\/em-sume-moradores-de-loteamento-reclamam-de-falta-de-energia\/","title":{"rendered":"Em Sum\u00e9, moradores de loteamento reclamam de falta de energia"},"content":{"rendered":"\n<p>Moradores que residem no Loteamento Costa da Serra procuraram a reportagem do Cariri em A\u00e7\u00e3o para relatar que no \u00faltimos dias a falta de energia na localidade foi constante.<\/p>\n\n\n\n<p>Segundo os relatos, nesses \u00faltimos dias que chove na cidade de Sum\u00e9, faltou energia, principalmente no loteamento Costa da Serra, faltou energia v\u00e1rias vezes, correndo o risco de queimar equipamentos eletr\u00f4nicos dos moradores.<\/p>\n","protected":false},"excerpt":{"rendered":"<p>Moradores que residem no Loteamento Costa da Serra procuraram a reportagem do Cariri em A\u00e7\u00e3o para relatar que no \u00faltimos dias a falta de energia&hellip; <\/p>\n","protected":false},"author":1,"featured_media":152134,"comment_status":"closed","ping_status":"closed","sticky":false,"template":"","format":"standard","meta":{"sfsi_plus_gutenberg_text_before_share":"","sfsi_plus_gutenberg_show_text_before_share":"","sfsi_plus_gutenberg_icon_type":"","sfsi_plus_gutenberg_icon_alignemt":"","sfsi_plus_gutenburg_max_per_row":"","footnotes":""},"categories":[50,2],"tags":[],"class_list":["post-156856","post","type-post","status-publish","format-standard","has-post-thumbnail","hentry","category-destaque","category-geral"],"_links":{"self":[{"href":"https:\/\/www.caririemacao.com\/1\/wp-json\/wp\/v2\/posts\/156856","targetHints":{"allow":["GET"]}}],"collection":[{"href":"https:\/\/www.caririemacao.com\/1\/wp-json\/wp\/v2\/posts"}],"about":[{"href":"https:\/\/www.caririemacao.com\/1\/wp-json\/wp\/v2\/types\/post"}],"author":[{"embeddable":true,"href":"https:\/\/www.caririemacao.com\/1\/wp-json\/wp\/v2\/users\/1"}],"replies":[{"embeddable":true,"href":"https:\/\/www.caririemacao.com\/1\/wp-json\/wp\/v2\/comments?post=156856"}],"version-history":[{"count":2,"href":"https:\/\/www.caririemacao.com\/1\/wp-json\/wp\/v2\/posts\/156856\/revisions"}],"predecessor-version":[{"id":156859,"href":"https:\/\/www.caririemacao.com\/1\/wp-json\/wp\/v2\/posts\/156856\/revisions\/156859"}],"wp:featuredmedia":[{"embeddable":true,"href":"https:\/\/www.caririemacao.com\/1\/wp-json\/wp\/v2\/media\/152134"}],"wp:attachment":[{"href":"https:\/\/www.caririemacao.com\/1\/wp-json\/wp\/v2\/media?parent=156856"}],"wp:term":[{"taxonomy":"category","embeddable":true,"href":"https:\/\/www.caririemacao.com\/1\/wp-json\/wp\/v2\/categories?post=156856"},{"taxonomy":"post_tag","embeddable":true,"href":"https:\/\/www.caririemacao.com\/1\/wp-json\/wp\/v2\/tags?post=156856"}],"curies":[{"name":"wp","href":"https:\/\/api.w.org\/{rel}","templated":true}]}}