{"id":156860,"date":"2020-03-07T07:23:49","date_gmt":"2020-03-07T10:23:49","guid":{"rendered":"http:\/\/www.caririemacao.com\/1\/?p=156860"},"modified":"2020-03-07T07:23:50","modified_gmt":"2020-03-07T10:23:50","slug":"prefeitura-de-ouro-velho-inaugura-mais-uma-adutora-no-municipio","status":"publish","type":"post","link":"https:\/\/www.caririemacao.com\/1\/2020\/03\/07\/prefeitura-de-ouro-velho-inaugura-mais-uma-adutora-no-municipio\/","title":{"rendered":"Prefeitura de Ouro Velho inaugura mais uma adutora no munic\u00edpio"},"content":{"rendered":"\n<p>A Prefeitura de Ouro Velho inaugurou nesta sexta-feira, dia 06, mais uma adutora que atender\u00e1 com o abastecimento d\u2019\u00e1gua a comunidade de Jos\u00e9 Alves. <\/p>\n\n\n\n<p>A inaugura\u00e7\u00e3o contou com a presen\u00e7a da prefeita Nat\u00e1lia, seu esposo\nDr. J\u00fanior, o vice-prefeito Fl\u00e1vio Henrique, os vereadores, secret\u00e1rios e a popula\u00e7\u00e3o\ncontemplada.<\/p>\n\n\n\n<p>\u201cA adutora foi constru\u00edda com recursos pr\u00f3prio, or\u00e7ada em 50\nmil, garantindo um abastecimento de qualidade, dando mais seguran\u00e7a h\u00eddrica a\nesta comunidade\u201d, enfatizou a prefeita.<\/p>\n","protected":false},"excerpt":{"rendered":"<p>A Prefeitura de Ouro Velho inaugurou nesta sexta-feira, dia 06, mais uma adutora que atender\u00e1 com o abastecimento d\u2019\u00e1gua a comunidade de Jos\u00e9 Alves. A&hellip; <\/p>\n","protected":false},"author":1,"featured_media":156862,"comment_status":"closed","ping_status":"closed","sticky":false,"template":"","format":"standard","meta":{"sfsi_plus_gutenberg_text_before_share":"","sfsi_plus_gutenberg_show_text_before_share":"","sfsi_plus_gutenberg_icon_type":"","sfsi_plus_gutenberg_icon_alignemt":"","sfsi_plus_gutenburg_max_per_row":"","footnotes":""},"categories":[6,50],"tags":[],"class_list":["post-156860","post","type-post","status-publish","format-standard","has-post-thumbnail","hentry","category-cidades","category-destaque"],"_links":{"self":[{"href":"https:\/\/www.caririemacao.com\/1\/wp-json\/wp\/v2\/posts\/156860","targetHints":{"allow":["GET"]}}],"collection":[{"href":"https:\/\/www.caririemacao.com\/1\/wp-json\/wp\/v2\/posts"}],"about":[{"href":"https:\/\/www.caririemacao.com\/1\/wp-json\/wp\/v2\/types\/post"}],"author":[{"embeddable":true,"href":"https:\/\/www.caririemacao.com\/1\/wp-json\/wp\/v2\/users\/1"}],"replies":[{"embeddable":true,"href":"https:\/\/www.caririemacao.com\/1\/wp-json\/wp\/v2\/comments?post=156860"}],"version-history":[{"count":1,"href":"https:\/\/www.caririemacao.com\/1\/wp-json\/wp\/v2\/posts\/156860\/revisions"}],"predecessor-version":[{"id":156864,"href":"https:\/\/www.caririemacao.com\/1\/wp-json\/wp\/v2\/posts\/156860\/revisions\/156864"}],"wp:featuredmedia":[{"embeddable":true,"href":"https:\/\/www.caririemacao.com\/1\/wp-json\/wp\/v2\/media\/156862"}],"wp:attachment":[{"href":"https:\/\/www.caririemacao.com\/1\/wp-json\/wp\/v2\/media?parent=156860"}],"wp:term":[{"taxonomy":"category","embeddable":true,"href":"https:\/\/www.caririemacao.com\/1\/wp-json\/wp\/v2\/categories?post=156860"},{"taxonomy":"post_tag","embeddable":true,"href":"https:\/\/www.caririemacao.com\/1\/wp-json\/wp\/v2\/tags?post=156860"}],"curies":[{"name":"wp","href":"https:\/\/api.w.org\/{rel}","templated":true}]}}