{"id":156865,"date":"2020-03-07T07:31:35","date_gmt":"2020-03-07T10:31:35","guid":{"rendered":"http:\/\/www.caririemacao.com\/1\/?p=156865"},"modified":"2020-03-07T07:31:36","modified_gmt":"2020-03-07T10:31:36","slug":"tres-trechos-de-praias-estao-improprios-para-banho-no-litoral-paraibano","status":"publish","type":"post","link":"https:\/\/www.caririemacao.com\/1\/2020\/03\/07\/tres-trechos-de-praias-estao-improprios-para-banho-no-litoral-paraibano\/","title":{"rendered":"Tr\u00eas trechos de praias est\u00e3o impr\u00f3prios para banho no litoral paraibano"},"content":{"rendered":"\n<p>Neste fim de semana, o Litoral da Para\u00edba tem tr\u00eas trechos de praias impr\u00f3prios para banho. Os dados s\u00e3o da Superintend\u00eancia de Administra\u00e7\u00e3o do Meio Ambiente (Sudema). Praia de Mana\u00edra, Praia de Cabo Branco, Praia de Arraial s\u00e3o as que possuem restri\u00e7\u00f5es para os banhistas.<\/p>\n\n\n\n<p>Confira os trechos das tr\u00eas praias que devem ser evitados:<\/p>\n\n\n\n<ul class=\"wp-block-list\"><li>Praia de Mana\u00edra, em frente ao N\u00b0 315 da Av. Jo\u00e3o Maur\u00edcio.&nbsp;<\/li><li>Farol do Cabo Branco, em frente a galeria de \u00e1guas pluviais.<\/li><li>Praia de Arraial, em frente \u00e0 desembocadura do Rio Cui\u00e1.<\/li><\/ul>\n","protected":false},"excerpt":{"rendered":"<p>Neste fim de semana, o Litoral da Para\u00edba tem tr\u00eas trechos de praias impr\u00f3prios para banho. Os dados s\u00e3o da Superintend\u00eancia de Administra\u00e7\u00e3o do Meio&hellip; <\/p>\n","protected":false},"author":2,"featured_media":156409,"comment_status":"closed","ping_status":"closed","sticky":false,"template":"","format":"standard","meta":{"sfsi_plus_gutenberg_text_before_share":"","sfsi_plus_gutenberg_show_text_before_share":"","sfsi_plus_gutenberg_icon_type":"","sfsi_plus_gutenberg_icon_alignemt":"","sfsi_plus_gutenburg_max_per_row":"","footnotes":""},"categories":[2],"tags":[],"class_list":["post-156865","post","type-post","status-publish","format-standard","has-post-thumbnail","hentry","category-geral"],"_links":{"self":[{"href":"https:\/\/www.caririemacao.com\/1\/wp-json\/wp\/v2\/posts\/156865","targetHints":{"allow":["GET"]}}],"collection":[{"href":"https:\/\/www.caririemacao.com\/1\/wp-json\/wp\/v2\/posts"}],"about":[{"href":"https:\/\/www.caririemacao.com\/1\/wp-json\/wp\/v2\/types\/post"}],"author":[{"embeddable":true,"href":"https:\/\/www.caririemacao.com\/1\/wp-json\/wp\/v2\/users\/2"}],"replies":[{"embeddable":true,"href":"https:\/\/www.caririemacao.com\/1\/wp-json\/wp\/v2\/comments?post=156865"}],"version-history":[{"count":1,"href":"https:\/\/www.caririemacao.com\/1\/wp-json\/wp\/v2\/posts\/156865\/revisions"}],"predecessor-version":[{"id":156867,"href":"https:\/\/www.caririemacao.com\/1\/wp-json\/wp\/v2\/posts\/156865\/revisions\/156867"}],"wp:featuredmedia":[{"embeddable":true,"href":"https:\/\/www.caririemacao.com\/1\/wp-json\/wp\/v2\/media\/156409"}],"wp:attachment":[{"href":"https:\/\/www.caririemacao.com\/1\/wp-json\/wp\/v2\/media?parent=156865"}],"wp:term":[{"taxonomy":"category","embeddable":true,"href":"https:\/\/www.caririemacao.com\/1\/wp-json\/wp\/v2\/categories?post=156865"},{"taxonomy":"post_tag","embeddable":true,"href":"https:\/\/www.caririemacao.com\/1\/wp-json\/wp\/v2\/tags?post=156865"}],"curies":[{"name":"wp","href":"https:\/\/api.w.org\/{rel}","templated":true}]}}