{"id":156871,"date":"2020-03-07T07:54:14","date_gmt":"2020-03-07T10:54:14","guid":{"rendered":"http:\/\/www.caririemacao.com\/1\/?p=156871"},"modified":"2020-03-07T07:54:15","modified_gmt":"2020-03-07T10:54:15","slug":"confira-a-previsao-do-tempo-para-este-sabado-em-toda-paraiba-21","status":"publish","type":"post","link":"https:\/\/www.caririemacao.com\/1\/2020\/03\/07\/confira-a-previsao-do-tempo-para-este-sabado-em-toda-paraiba-21\/","title":{"rendered":"Confira a previs\u00e3o do tempo para este s\u00e1bado em toda Para\u00edba"},"content":{"rendered":"\n<p>Mant\u00e9m-se reduzida nebulosidade na maioria das regi\u00f5es do estado da Para\u00edba. Mesmo assim, a alta concentra\u00e7\u00e3o de umidade presente no ar combinada ao calor deixa o tempo inst\u00e1vel e favor\u00e1vel \u00e0 ocorr\u00eancia de chuvas localizadas no fim do per\u00edodo.<\/p>\n\n\n\n<figure class=\"wp-block-image\"><img decoding=\"async\" data-src=\"https:\/\/paraibaonline.com.br\/wp-content\/uploads\/2020\/03\/tempo0703-567x332.jpg\" alt=\"Para\u00edba Online \u2022 Confira a previs\u00e3o do tempo para este s\u00e1bado em toda Para\u00edba\" class=\"wp-image-841790 lazyload\" src=\"data:image\/svg+xml;base64,PHN2ZyB3aWR0aD0iMSIgaGVpZ2h0PSIxIiB4bWxucz0iaHR0cDovL3d3dy53My5vcmcvMjAwMC9zdmciPjwvc3ZnPg==\" style=\"--smush-placeholder-width: 567px; --smush-placeholder-aspect-ratio: 567\/332;\" \/><\/figure>\n\n\n\n<p>* Fonte: Aesa<\/p>\n","protected":false},"excerpt":{"rendered":"<p>Mant\u00e9m-se reduzida nebulosidade na maioria das regi\u00f5es do estado da Para\u00edba. Mesmo assim, a alta concentra\u00e7\u00e3o de umidade presente no ar combinada ao calor deixa&hellip; <\/p>\n","protected":false},"author":2,"featured_media":156872,"comment_status":"closed","ping_status":"closed","sticky":false,"template":"","format":"standard","meta":{"sfsi_plus_gutenberg_text_before_share":"","sfsi_plus_gutenberg_show_text_before_share":"","sfsi_plus_gutenberg_icon_type":"","sfsi_plus_gutenberg_icon_alignemt":"","sfsi_plus_gutenburg_max_per_row":"","footnotes":""},"categories":[6],"tags":[],"class_list":["post-156871","post","type-post","status-publish","format-standard","has-post-thumbnail","hentry","category-cidades"],"_links":{"self":[{"href":"https:\/\/www.caririemacao.com\/1\/wp-json\/wp\/v2\/posts\/156871","targetHints":{"allow":["GET"]}}],"collection":[{"href":"https:\/\/www.caririemacao.com\/1\/wp-json\/wp\/v2\/posts"}],"about":[{"href":"https:\/\/www.caririemacao.com\/1\/wp-json\/wp\/v2\/types\/post"}],"author":[{"embeddable":true,"href":"https:\/\/www.caririemacao.com\/1\/wp-json\/wp\/v2\/users\/2"}],"replies":[{"embeddable":true,"href":"https:\/\/www.caririemacao.com\/1\/wp-json\/wp\/v2\/comments?post=156871"}],"version-history":[{"count":1,"href":"https:\/\/www.caririemacao.com\/1\/wp-json\/wp\/v2\/posts\/156871\/revisions"}],"predecessor-version":[{"id":156873,"href":"https:\/\/www.caririemacao.com\/1\/wp-json\/wp\/v2\/posts\/156871\/revisions\/156873"}],"wp:featuredmedia":[{"embeddable":true,"href":"https:\/\/www.caririemacao.com\/1\/wp-json\/wp\/v2\/media\/156872"}],"wp:attachment":[{"href":"https:\/\/www.caririemacao.com\/1\/wp-json\/wp\/v2\/media?parent=156871"}],"wp:term":[{"taxonomy":"category","embeddable":true,"href":"https:\/\/www.caririemacao.com\/1\/wp-json\/wp\/v2\/categories?post=156871"},{"taxonomy":"post_tag","embeddable":true,"href":"https:\/\/www.caririemacao.com\/1\/wp-json\/wp\/v2\/tags?post=156871"}],"curies":[{"name":"wp","href":"https:\/\/api.w.org\/{rel}","templated":true}]}}