{"id":156876,"date":"2020-03-07T09:44:58","date_gmt":"2020-03-07T12:44:58","guid":{"rendered":"http:\/\/www.caririemacao.com\/1\/?p=156876"},"modified":"2020-03-07T09:45:00","modified_gmt":"2020-03-07T12:45:00","slug":"aguas-da-transposicao-se-juntam-as-das-chuvas-e-chegam-ao-acude-de-boqueirao","status":"publish","type":"post","link":"https:\/\/www.caririemacao.com\/1\/2020\/03\/07\/aguas-da-transposicao-se-juntam-as-das-chuvas-e-chegam-ao-acude-de-boqueirao\/","title":{"rendered":"\u00c1guas da Transposi\u00e7\u00e3o se juntam as das chuvas e chegam ao a\u00e7ude de Boqueir\u00e3o"},"content":{"rendered":"\n<p>O encontro das \u00e1guas no Cariri paraibano. Ap\u00f3s uma longa espera, as \u00e1guas advindas da transposi\u00e7\u00e3o do Rio S\u00e3o Francisco, chegaram ao a\u00e7ude Epit\u00e1cio Pessoa em Boqueir\u00e3o. O manancial, respons\u00e1vel pelo abastecimento de Campina Grande e mais 18 munic\u00edpios do Compartimento da Borborema, recebeu uma significativa recarga nos \u00faltimos dias devido a cheia dos rios Tapero\u00e1 e Para\u00edba.<\/p>\n\n\n\n<p>O a\u00e7ude amanheceu esta quinta-feira (05) com 122,78 milh\u00f5es de metros c\u00fabicos, o que equivale a 26,32% da capacidade total, segundo dados s\u00e3o da Ag\u00eancia Executiva de Gest\u00e3o das \u00c1guas do Estado da Para\u00edba (Aesa). Isso significa que Boqueir\u00e3o est\u00e1 com um aporte maior do que quando esteve no final do per\u00edodo chuvoso do ano passado. A not\u00edcia anima, pois a previs\u00e3o pluviom\u00e9trica para a regi\u00e3o do Sert\u00e3o, Alto Sert\u00e3o, Cariri e Curimata\u00fa ainda \u00e9 de chuvas fortes.<br>De acordo com o diretor presidente, Porf\u00edrio Loureiro, o manancial Epit\u00e1cio Pessoa recebeu um aporte h\u00eddrico significativo e, com as chuvas ainda nestas regi\u00f5es, a recarga ser\u00e1 maior.<\/p>\n\n\n\n<p>\u2013 Chegamos a 20 milh\u00f5es de metros c\u00fabicos no a\u00e7ude de Camala\u00fa, o que equivale a 42% da capacidade, e j\u00e1 estamos liberando h\u00e1 30 dias as \u00e1guas da transposi\u00e7\u00e3o para seguirem para o Epit\u00e1cio Pessoa. Temos liberado em torno de 800 litros por segundo e com toda essa calha abastecida do rio Para\u00edba, vamos continuar preservando essa \u00e1rea em Camala\u00fa e, quando tiver um volume a mais, vamos diminuir a abertura de Po\u00e7\u00f5es, para que tamb\u00e9m possa acumular volume \u2013 contou.<\/p>\n\n\n\n<p>As \u00e1guas da transposi\u00e7\u00e3o do Rio S\u00e3o Francisco chegaram na Para\u00edba o dia 19 de novembro do ano passado. Desde fevereiro que as \u00e1guas da transposi\u00e7\u00e3o do Rio S\u00e3o Francisco n\u00e3o eram bombeadas para a Para\u00edba. O bombeamento havia sido suspenso devido a um problema na barragem de Cacimba Nova, em Pernambuco.<\/p>\n\n\n\n<p>Monteiro foi a primeira cidade paraibana a receber as \u00e1guas da transposi\u00e7\u00e3o, no dia 8 de mar\u00e7o de 2017. A \u00e1gua passou no \u00faltimo segmento de canal da transposi\u00e7\u00e3o para entrar no t\u00fanel por volta das 18h20, j\u00e1 na zona rural de Monteiro, pr\u00f3ximo \u00e0 divisa com Pernambuco.<\/p>\n\n\n\n<p>J\u00e1 no dia 14 de mar\u00e7o de 2018, o ent\u00e3o Minist\u00e9rio da Integra\u00e7\u00e3o confirmou a necessidade de suspens\u00e3o tempor\u00e1ria da transposi\u00e7\u00e3o do Eixo Leste do Rio S\u00e3o Francisco para a Para\u00edba, at\u00e9 que as obras programadas para os a\u00e7udes de Po\u00e7\u00f5es e Camala\u00fa fossem conclu\u00eddas.<\/p>\n\n\n\n<p><em>PB Agora<\/em><\/p>\n","protected":false},"excerpt":{"rendered":"<p>O encontro das \u00e1guas no Cariri paraibano. Ap\u00f3s uma longa espera, as \u00e1guas advindas da transposi\u00e7\u00e3o do Rio S\u00e3o Francisco, chegaram ao a\u00e7ude Epit\u00e1cio Pessoa&hellip; <\/p>\n","protected":false},"author":2,"featured_media":156877,"comment_status":"closed","ping_status":"closed","sticky":false,"template":"","format":"standard","meta":{"sfsi_plus_gutenberg_text_before_share":"","sfsi_plus_gutenberg_show_text_before_share":"","sfsi_plus_gutenberg_icon_type":"","sfsi_plus_gutenberg_icon_alignemt":"","sfsi_plus_gutenburg_max_per_row":"","footnotes":""},"categories":[6,50],"tags":[],"class_list":["post-156876","post","type-post","status-publish","format-standard","has-post-thumbnail","hentry","category-cidades","category-destaque"],"_links":{"self":[{"href":"https:\/\/www.caririemacao.com\/1\/wp-json\/wp\/v2\/posts\/156876","targetHints":{"allow":["GET"]}}],"collection":[{"href":"https:\/\/www.caririemacao.com\/1\/wp-json\/wp\/v2\/posts"}],"about":[{"href":"https:\/\/www.caririemacao.com\/1\/wp-json\/wp\/v2\/types\/post"}],"author":[{"embeddable":true,"href":"https:\/\/www.caririemacao.com\/1\/wp-json\/wp\/v2\/users\/2"}],"replies":[{"embeddable":true,"href":"https:\/\/www.caririemacao.com\/1\/wp-json\/wp\/v2\/comments?post=156876"}],"version-history":[{"count":1,"href":"https:\/\/www.caririemacao.com\/1\/wp-json\/wp\/v2\/posts\/156876\/revisions"}],"predecessor-version":[{"id":156878,"href":"https:\/\/www.caririemacao.com\/1\/wp-json\/wp\/v2\/posts\/156876\/revisions\/156878"}],"wp:featuredmedia":[{"embeddable":true,"href":"https:\/\/www.caririemacao.com\/1\/wp-json\/wp\/v2\/media\/156877"}],"wp:attachment":[{"href":"https:\/\/www.caririemacao.com\/1\/wp-json\/wp\/v2\/media?parent=156876"}],"wp:term":[{"taxonomy":"category","embeddable":true,"href":"https:\/\/www.caririemacao.com\/1\/wp-json\/wp\/v2\/categories?post=156876"},{"taxonomy":"post_tag","embeddable":true,"href":"https:\/\/www.caririemacao.com\/1\/wp-json\/wp\/v2\/tags?post=156876"}],"curies":[{"name":"wp","href":"https:\/\/api.w.org\/{rel}","templated":true}]}}